{"id":7424,"date":"2025-02-11T14:33:00","date_gmt":"2025-02-11T13:33:00","guid":{"rendered":"https:\/\/assolaribambelle.fr\/blog\/?p=7424"},"modified":"2025-02-08T12:03:15","modified_gmt":"2025-02-08T11:03:15","slug":"ateliers-creatifs-pour-enfants-eveillez-la-creativite-de-vos-petits-artistes","status":"publish","type":"post","link":"https:\/\/assolaribambelle.fr\/blog\/a-la-une\/ateliers-creatifs-pour-enfants-eveillez-la-creativite-de-vos-petits-artistes\/","title":{"rendered":"Ateliers cr\u00e9atifs pour enfants : \u00c9veillez la cr\u00e9ativit\u00e9 de vos petits artistes"},"content":{"rendered":"<h2>Introduction : L&rsquo;importance des ateliers pour enfants<\/h2>\n<p>Que ce soit \u00e0 travers des activit\u00e9s manuelles, artistiques ou scientifiques, ces moments de partage offrent aux plus jeunes l&rsquo;opportunit\u00e9 de s&rsquo;exprimer, d&rsquo;exp\u00e9rimenter et d&rsquo;apprendre dans un cadre ludique. Comment ces ateliers peuvent-ils influencer le d\u00e9veloppement des enfants et pourquoi sont-ils si populaires aujourd&rsquo;hui ?<\/p>\n<h2>Les bienfaits des ateliers pour enfants<\/h2>\n<p>Participer \u00e0 un atelier cr\u00e9atif permet aux enfants de d\u00e9velopper diverses comp\u00e9tences. Ces activit\u00e9s stimulent leur imagination et favorisent l&rsquo;\u00e9panouissement personnel. En voici quelques avantages majeurs :<\/p>\n<ul>\n<li><strong>D\u00e9veloppement de la cr\u00e9ativit\u00e9 :<\/strong> Les enfants apprennent \u00e0 penser en dehors des sentiers battus.<\/li>\n<li><strong>Renforcement de la confiance en soi :<\/strong> R\u00e9aliser un projet de A \u00e0 Z leur donne un sentiment d&rsquo;accomplissement.<\/li>\n<li><strong>Am\u00e9lioration des comp\u00e9tences sociales :<\/strong> Travailler en groupe favorise les \u00e9changes et la collaboration.<\/li>\n<\/ul>\n<h2>Les diff\u00e9rents types d&rsquo;ateliers cr\u00e9atifs<\/h2>\n<p>Les ateliers pour enfants se d\u00e9clinent en plusieurs formats et th\u00e9matiques, permettant ainsi de r\u00e9pondre aux int\u00e9r\u00eats vari\u00e9s des petits participants. Voici quelques exemples :<img width=\"1024\" height=\"576\" src=\"https:\/\/assolaribambelle.fr\/blog\/wp-content\/uploads\/2025\/02\/stability-ateliers-creatifs-pour-enfants-eveillez-la-creativite-de-vos-petits-artistes-1.png\" class=\"aligncenter\" alt=\"Illustration d\u00e9taill\u00e9e sur Ateliers cr\u00e9atifs pour enfants : \u00c9veillez la cr\u00e9ativit\u00e9 de vos petits artistes\" title=\"Ateliers cr\u00e9atifs pour enfants : \u00c9veillez la cr\u00e9ativit\u00e9 de vos petits artistes\" decoding=\"async\" loading=\"lazy\" \/><\/p>\n<ul>\n<li><strong>Ateliers d&rsquo;arts plastiques :<\/strong> Peinture, collage, sculpture&#8230; Ces activit\u00e9s permettent aux enfants d&rsquo;explorer diff\u00e9rentes techniques artistiques.<\/li>\n<li><strong>Ateliers de bricolage :<\/strong> Cr\u00e9ation d&rsquo;objets \u00e0 partir de mat\u00e9riaux recycl\u00e9s, ce qui sensibilise les enfants \u00e0 l&rsquo;\u00e9cologie.<\/li>\n<li><strong>Ateliers scientifiques :<\/strong> Exp\u00e9riences ludiques qui \u00e9veillent la curiosit\u00e9 pour le monde qui les entoure.<\/li>\n<\/ul>\n<h2>Comment choisir un atelier adapt\u00e9 ?<\/h2>\n<p>Choisir un atelier pour son enfant n\u00e9cessite de prendre en compte plusieurs crit\u00e8res :<\/p>\n<table>\n<tr>\n<th>Crit\u00e8res<\/th>\n<th>Exemples<\/th>\n<th>Importance<\/th>\n<\/tr>\n<tr>\n<td>\u00c2ge de l&rsquo;enfant<\/td>\n<td>Ateliers sp\u00e9cifiques pour les 3-6 ans, 7-10 ans, etc.<\/td>\n<td>Ad\u00e9quation des activit\u00e9s avec le d\u00e9veloppement de l&rsquo;enfant<\/td>\n<\/tr>\n<tr>\n<td>Centre d&rsquo;int\u00e9r\u00eat<\/td>\n<td>Arts, sciences, sports<\/td>\n<td>Favoriser l&rsquo;engagement et la motivation de l&rsquo;enfant<\/td>\n<\/tr>\n<tr>\n<td>Encadrement<\/td>\n<td>Professionnels form\u00e9s, animateurs sp\u00e9cialis\u00e9s<\/td>\n<td>Garantie d&rsquo;un environnement s\u00e9curis\u00e9 et \u00e9ducatif<\/td>\n<\/tr>\n<\/table>\n<h2>FAQ :<\/h2>\n<blockquote>\n<ul>\n<li><strong>Quels \u00e2ges sont concern\u00e9s par les ateliers cr\u00e9atifs ?<\/strong>Les ateliers sont g\u00e9n\u00e9ralement propos\u00e9s pour les enfants de 3 \u00e0 12 ans, avec des activit\u00e9s adapt\u00e9es \u00e0 chaque tranche d&rsquo;\u00e2ge.<\/li>\n<li><strong>Comment s&rsquo;inscrire \u00e0 un atelier ?<\/strong>Les inscriptions se font souvent en ligne ou directement aupr\u00e8s des centres organisateurs. Pensez \u00e0 v\u00e9rifier les disponibilit\u00e9s !<\/li>\n<li><strong>Y a-t-il des frais d&rsquo;inscription ?<\/strong>La plupart des ateliers sont payants, mais certains organismes peuvent offrir des options gratuites ou subventionn\u00e9es.<\/li>\n<li><strong>Les ateliers sont-ils encadr\u00e9s par des professionnels ?<\/strong>Oui, les ateliers sont g\u00e9n\u00e9ralement anim\u00e9s par des animateurs qualifi\u00e9s, form\u00e9s pour travailler avec les enfants.<\/li>\n<\/ul>\n<\/blockquote>\n<h2>Conclusion : L&rsquo;avenir des ateliers pour enfants<\/h2>\n<p>Les ateliers cr\u00e9atifs pour enfants constituent une porte d&rsquo;entr\u00e9e vers l&rsquo;apprentissage ludique et la d\u00e9couverte de soi. En stimulant l&rsquo;imagination et en favorisant l&rsquo;interaction sociale, ces activit\u00e9s enrichissent le quotidien des jeunes. En choisissant judicieusement l&rsquo;atelier qui correspond le mieux \u00e0 votre enfant, vous contribuez \u00e0 son \u00e9panouissement personnel et \u00e0 son d\u00e9veloppement. Alors, pr\u00eat \u00e0 inscrire votre petit artiste \u00e0 un atelier ?<\/p>\n","protected":false},"excerpt":{"rendered":"","protected":false},"author":34,"featured_media":7426,"comment_status":"open","ping_status":"open","sticky":false,"template":"","format":"standard","meta":{"_acf_changed":false,"manual_indexmenow":false,"indexmenow_id_project":0,"footnotes":""},"categories":[1],"tags":[4719,4701,2608,4702,3664,4546],"class_list":["post-7424","post","type-post","status-publish","format-standard","has-post-thumbnail","hentry","category-a-la-une","tag-ateliers","tag-competences","tag-creativite","tag-developpement","tag-education","tag-enfants","generate-columns","tablet-grid-50","mobile-grid-100","grid-parent","grid-25"],"acf":[],"yoast_head":"<!-- This site is optimized with the Yoast SEO Premium plugin v21.3 (Yoast SEO v27.3) - https:\/\/yoast.com\/product\/yoast-seo-premium-wordpress\/ -->\n<title>Ateliers cr\u00e9atifs pour enfants : \u00c9veillez la cr\u00e9ativit\u00e9<\/title>\n<meta name=\"description\" content=\"Que ce soit \u00e0 travers des activit\u00e9s manuelles, artistiques ou scientifiques, ces moments de partage offrent aux plus jeunes l&#039;opportunit\u00e9 de s&#039;exprimer\u2026\" \/>\n<meta name=\"robots\" content=\"index, follow, max-snippet:-1, max-image-preview:large, max-video-preview:-1\" \/>\n<link rel=\"canonical\" href=\"https:\/\/assolaribambelle.fr\/blog\/a-la-une\/ateliers-creatifs-pour-enfants-eveillez-la-creativite-de-vos-petits-artistes\/\" \/>\n<meta property=\"og:locale\" content=\"fr_FR\" \/>\n<meta property=\"og:type\" content=\"article\" \/>\n<meta property=\"og:title\" content=\"Ateliers cr\u00e9atifs pour enfants : \u00c9veillez la cr\u00e9ativit\u00e9\" \/>\n<meta property=\"og:description\" content=\"Que ce soit \u00e0 travers des activit\u00e9s manuelles, artistiques ou scientifiques, ces moments de partage offrent aux plus jeunes l&#039;opportunit\u00e9 de s&#039;exprimer\u2026\" \/>\n<meta property=\"og:url\" content=\"https:\/\/assolaribambelle.fr\/blog\/a-la-une\/ateliers-creatifs-pour-enfants-eveillez-la-creativite-de-vos-petits-artistes\/\" \/>\n<meta property=\"og:site_name\" content=\"Asso La Ribambelle\" \/>\n<meta property=\"og:image\" content=\"https:\/\/assolaribambelle.fr\/blog\/wp-content\/uploads\/2025\/02\/stability-ateliers-creatifs-pour-enfants-eveillez-la-creativite-de-vos-petits-artistes.png\" \/>\n\t<meta property=\"og:image:width\" content=\"1024\" \/>\n\t<meta property=\"og:image:height\" content=\"576\" \/>\n\t<meta property=\"og:image:type\" content=\"image\/png\" \/>\n<meta name=\"author\" content=\"Elodie Mazeau\" \/>\n<meta name=\"twitter:card\" content=\"summary_large_image\" \/>\n<script type=\"application\/ld+json\" class=\"yoast-schema-graph\">{\"@context\":\"https:\\\/\\\/schema.org\",\"@graph\":[{\"@type\":\"NewsArticle\",\"@id\":\"https:\\\/\\\/assolaribambelle.fr\\\/blog\\\/a-la-une\\\/ateliers-creatifs-pour-enfants-eveillez-la-creativite-de-vos-petits-artistes\\\/#article\",\"isPartOf\":{\"@id\":\"https:\\\/\\\/assolaribambelle.fr\\\/blog\\\/a-la-une\\\/ateliers-creatifs-pour-enfants-eveillez-la-creativite-de-vos-petits-artistes\\\/\"},\"author\":{\"name\":\"Elodie Mazeau\",\"@id\":\"https:\\\/\\\/assolaribambelle.fr\\\/blog\\\/#\\\/schema\\\/person\\\/3c864cdc320801e3db34b663e7e3f816\"},\"headline\":\"Ateliers cr\u00e9atifs pour enfants : \u00c9veillez la cr\u00e9ativit\u00e9 de vos petits artistes\",\"datePublished\":\"2025-02-11T13:33:00+00:00\",\"mainEntityOfPage\":{\"@id\":\"https:\\\/\\\/assolaribambelle.fr\\\/blog\\\/a-la-une\\\/ateliers-creatifs-pour-enfants-eveillez-la-creativite-de-vos-petits-artistes\\\/\"},\"wordCount\":518,\"commentCount\":18,\"publisher\":{\"@id\":\"https:\\\/\\\/assolaribambelle.fr\\\/blog\\\/#organization\"},\"image\":{\"@id\":\"https:\\\/\\\/assolaribambelle.fr\\\/blog\\\/a-la-une\\\/ateliers-creatifs-pour-enfants-eveillez-la-creativite-de-vos-petits-artistes\\\/#primaryimage\"},\"thumbnailUrl\":\"https:\\\/\\\/assolaribambelle.fr\\\/blog\\\/wp-content\\\/uploads\\\/2025\\\/02\\\/stability-ateliers-creatifs-pour-enfants-eveillez-la-creativite-de-vos-petits-artistes.png\",\"keywords\":[\"Ateliers\",\"Comp\u00e9tences\",\"Creativit\u00e9\",\"D\u00e9veloppement\",\"\u00c9ducation\",\"Enfants\"],\"articleSection\":[\"\u00c0 la une\"],\"inLanguage\":\"fr-FR\",\"potentialAction\":[{\"@type\":\"CommentAction\",\"name\":\"Comment\",\"target\":[\"https:\\\/\\\/assolaribambelle.fr\\\/blog\\\/a-la-une\\\/ateliers-creatifs-pour-enfants-eveillez-la-creativite-de-vos-petits-artistes\\\/#respond\"]}]},{\"@type\":\"WebPage\",\"@id\":\"https:\\\/\\\/assolaribambelle.fr\\\/blog\\\/a-la-une\\\/ateliers-creatifs-pour-enfants-eveillez-la-creativite-de-vos-petits-artistes\\\/\",\"url\":\"https:\\\/\\\/assolaribambelle.fr\\\/blog\\\/a-la-une\\\/ateliers-creatifs-pour-enfants-eveillez-la-creativite-de-vos-petits-artistes\\\/\",\"name\":\"Ateliers cr\u00e9atifs pour enfants : \u00c9veillez la cr\u00e9ativit\u00e9\",\"isPartOf\":{\"@id\":\"https:\\\/\\\/assolaribambelle.fr\\\/blog\\\/#website\"},\"primaryImageOfPage\":{\"@id\":\"https:\\\/\\\/assolaribambelle.fr\\\/blog\\\/a-la-une\\\/ateliers-creatifs-pour-enfants-eveillez-la-creativite-de-vos-petits-artistes\\\/#primaryimage\"},\"image\":{\"@id\":\"https:\\\/\\\/assolaribambelle.fr\\\/blog\\\/a-la-une\\\/ateliers-creatifs-pour-enfants-eveillez-la-creativite-de-vos-petits-artistes\\\/#primaryimage\"},\"thumbnailUrl\":\"https:\\\/\\\/assolaribambelle.fr\\\/blog\\\/wp-content\\\/uploads\\\/2025\\\/02\\\/stability-ateliers-creatifs-pour-enfants-eveillez-la-creativite-de-vos-petits-artistes.png\",\"datePublished\":\"2025-02-11T13:33:00+00:00\",\"description\":\"Que ce soit \u00e0 travers des activit\u00e9s manuelles, artistiques ou scientifiques, ces moments de partage offrent aux plus jeunes l'opportunit\u00e9 de s'exprimer\u2026\",\"inLanguage\":\"fr-FR\",\"potentialAction\":[{\"@type\":\"ReadAction\",\"target\":[\"https:\\\/\\\/assolaribambelle.fr\\\/blog\\\/a-la-une\\\/ateliers-creatifs-pour-enfants-eveillez-la-creativite-de-vos-petits-artistes\\\/\"]}]},{\"@type\":\"ImageObject\",\"inLanguage\":\"fr-FR\",\"@id\":\"https:\\\/\\\/assolaribambelle.fr\\\/blog\\\/a-la-une\\\/ateliers-creatifs-pour-enfants-eveillez-la-creativite-de-vos-petits-artistes\\\/#primaryimage\",\"url\":\"https:\\\/\\\/assolaribambelle.fr\\\/blog\\\/wp-content\\\/uploads\\\/2025\\\/02\\\/stability-ateliers-creatifs-pour-enfants-eveillez-la-creativite-de-vos-petits-artistes.png\",\"contentUrl\":\"https:\\\/\\\/assolaribambelle.fr\\\/blog\\\/wp-content\\\/uploads\\\/2025\\\/02\\\/stability-ateliers-creatifs-pour-enfants-eveillez-la-creativite-de-vos-petits-artistes.png\",\"width\":1024,\"height\":576},{\"@type\":\"WebSite\",\"@id\":\"https:\\\/\\\/assolaribambelle.fr\\\/blog\\\/#website\",\"url\":\"https:\\\/\\\/assolaribambelle.fr\\\/blog\\\/\",\"name\":\"Asso La Ribambelle\",\"description\":\"Activit\u00e9s cr\u00e9atives, jeux ludiques et conseils parents \u2014 par l asso La Ribambelle.\",\"publisher\":{\"@id\":\"https:\\\/\\\/assolaribambelle.fr\\\/blog\\\/#organization\"},\"alternateName\":\"L\u2019innovation solaire \u00e0 votre port\u00e9e.\",\"potentialAction\":[{\"@type\":\"SearchAction\",\"target\":{\"@type\":\"EntryPoint\",\"urlTemplate\":\"https:\\\/\\\/assolaribambelle.fr\\\/blog\\\/?s={search_term_string}\"},\"query-input\":{\"@type\":\"PropertyValueSpecification\",\"valueRequired\":true,\"valueName\":\"search_term_string\"}}],\"inLanguage\":\"fr-FR\"},{\"@type\":\"Organization\",\"@id\":\"https:\\\/\\\/assolaribambelle.fr\\\/blog\\\/#organization\",\"name\":\"Asso La Ribambelle\",\"alternateName\":\"La Ribambelle \u2014 Activit\u00e9s cr\u00e9atives enfants\",\"url\":\"https:\\\/\\\/assolaribambelle.fr\\\/blog\\\/\",\"logo\":{\"@type\":\"ImageObject\",\"inLanguage\":\"fr-FR\",\"@id\":\"https:\\\/\\\/assolaribambelle.fr\\\/blog\\\/#\\\/schema\\\/logo\\\/image\\\/\",\"url\":\"https:\\\/\\\/assolaribambelle.fr\\\/blog\\\/wp-content\\\/uploads\\\/2024\\\/12\\\/4.png\",\"contentUrl\":\"https:\\\/\\\/assolaribambelle.fr\\\/blog\\\/wp-content\\\/uploads\\\/2024\\\/12\\\/4.png\",\"width\":500,\"height\":500,\"caption\":\"Asso La Ribambelle\"},\"image\":{\"@id\":\"https:\\\/\\\/assolaribambelle.fr\\\/blog\\\/#\\\/schema\\\/logo\\\/image\\\/\"}},{\"@type\":\"Person\",\"@id\":\"https:\\\/\\\/assolaribambelle.fr\\\/blog\\\/#\\\/schema\\\/person\\\/3c864cdc320801e3db34b663e7e3f816\",\"name\":\"Elodie Mazeau\",\"image\":{\"@type\":\"ImageObject\",\"inLanguage\":\"fr-FR\",\"@id\":\"https:\\\/\\\/assolaribambelle.fr\\\/blog\\\/wp-content\\\/uploads\\\/2026\\\/06\\\/persona_elodie-m-96x96.jpg\",\"url\":\"https:\\\/\\\/assolaribambelle.fr\\\/blog\\\/wp-content\\\/uploads\\\/2026\\\/06\\\/persona_elodie-m-96x96.jpg\",\"contentUrl\":\"https:\\\/\\\/assolaribambelle.fr\\\/blog\\\/wp-content\\\/uploads\\\/2026\\\/06\\\/persona_elodie-m-96x96.jpg\",\"caption\":\"Elodie Mazeau\"},\"description\":\"J'\u00e9cris sur la parentalit\u00e9 telle qu'elle se vit vraiment, du premier biberon aux premi\u00e8res col\u00e8res. Mes sujets de pr\u00e9dilection couvrent le quotidien des familles : sommeil, alimentation, organisation, pu\u00e9riculture et ces petites gal\u00e8res que tout parent conna\u00eet. Depuis plusieurs ann\u00e9es, je m'attache \u00e0 proposer des rep\u00e8res concrets plut\u00f4t que des le\u00e7ons, parce que chaque famille trouve son propre \u00e9quilibre. Je v\u00e9rifie mes informations aupr\u00e8s de sources fiables, surtout d\u00e8s qu'on touche \u00e0 la sant\u00e9 ou \u00e0 la s\u00e9curit\u00e9 de l'enfant, et je pr\u00e9cise quand un avis professionnel s'impose. J'\u00e9vite soigneusement la culpabilisation : \u00eatre parent est d\u00e9j\u00e0 assez exigeant. Mon ton se veut complice et bienveillant, un peu comme une discussion entre parents qui se comprennent. L'id\u00e9e est d'all\u00e9ger la charge mentale en donnant des solutions simples et test\u00e9es.\",\"sameAs\":[\"https:\\\/\\\/elodiemazeau.fr\\\/\"],\"url\":\"https:\\\/\\\/assolaribambelle.fr\\\/blog\\\/auteur\\\/noname\\\/\"}]}<\/script>\n<!-- \/ Yoast SEO Premium plugin. -->","yoast_head_json":{"title":"Ateliers cr\u00e9atifs pour enfants : \u00c9veillez la cr\u00e9ativit\u00e9","description":"Que ce soit \u00e0 travers des activit\u00e9s manuelles, artistiques ou scientifiques, ces moments de partage offrent aux plus jeunes l'opportunit\u00e9 de s'exprimer\u2026","robots":{"index":"index","follow":"follow","max-snippet":"max-snippet:-1","max-image-preview":"max-image-preview:large","max-video-preview":"max-video-preview:-1"},"canonical":"https:\/\/assolaribambelle.fr\/blog\/a-la-une\/ateliers-creatifs-pour-enfants-eveillez-la-creativite-de-vos-petits-artistes\/","og_locale":"fr_FR","og_type":"article","og_title":"Ateliers cr\u00e9atifs pour enfants : \u00c9veillez la cr\u00e9ativit\u00e9","og_description":"Que ce soit \u00e0 travers des activit\u00e9s manuelles, artistiques ou scientifiques, ces moments de partage offrent aux plus jeunes l'opportunit\u00e9 de s'exprimer\u2026","og_url":"https:\/\/assolaribambelle.fr\/blog\/a-la-une\/ateliers-creatifs-pour-enfants-eveillez-la-creativite-de-vos-petits-artistes\/","og_site_name":"Asso La Ribambelle","og_image":[{"width":1024,"height":576,"url":"https:\/\/assolaribambelle.fr\/blog\/wp-content\/uploads\/2025\/02\/stability-ateliers-creatifs-pour-enfants-eveillez-la-creativite-de-vos-petits-artistes.png","type":"image\/png"}],"author":"Elodie Mazeau","twitter_card":"summary_large_image","schema":{"@context":"https:\/\/schema.org","@graph":[{"@type":"NewsArticle","@id":"https:\/\/assolaribambelle.fr\/blog\/a-la-une\/ateliers-creatifs-pour-enfants-eveillez-la-creativite-de-vos-petits-artistes\/#article","isPartOf":{"@id":"https:\/\/assolaribambelle.fr\/blog\/a-la-une\/ateliers-creatifs-pour-enfants-eveillez-la-creativite-de-vos-petits-artistes\/"},"author":{"name":"Elodie Mazeau","@id":"https:\/\/assolaribambelle.fr\/blog\/#\/schema\/person\/3c864cdc320801e3db34b663e7e3f816"},"headline":"Ateliers cr\u00e9atifs pour enfants : \u00c9veillez la cr\u00e9ativit\u00e9 de vos petits artistes","datePublished":"2025-02-11T13:33:00+00:00","mainEntityOfPage":{"@id":"https:\/\/assolaribambelle.fr\/blog\/a-la-une\/ateliers-creatifs-pour-enfants-eveillez-la-creativite-de-vos-petits-artistes\/"},"wordCount":518,"commentCount":18,"publisher":{"@id":"https:\/\/assolaribambelle.fr\/blog\/#organization"},"image":{"@id":"https:\/\/assolaribambelle.fr\/blog\/a-la-une\/ateliers-creatifs-pour-enfants-eveillez-la-creativite-de-vos-petits-artistes\/#primaryimage"},"thumbnailUrl":"https:\/\/assolaribambelle.fr\/blog\/wp-content\/uploads\/2025\/02\/stability-ateliers-creatifs-pour-enfants-eveillez-la-creativite-de-vos-petits-artistes.png","keywords":["Ateliers","Comp\u00e9tences","Creativit\u00e9","D\u00e9veloppement","\u00c9ducation","Enfants"],"articleSection":["\u00c0 la une"],"inLanguage":"fr-FR","potentialAction":[{"@type":"CommentAction","name":"Comment","target":["https:\/\/assolaribambelle.fr\/blog\/a-la-une\/ateliers-creatifs-pour-enfants-eveillez-la-creativite-de-vos-petits-artistes\/#respond"]}]},{"@type":"WebPage","@id":"https:\/\/assolaribambelle.fr\/blog\/a-la-une\/ateliers-creatifs-pour-enfants-eveillez-la-creativite-de-vos-petits-artistes\/","url":"https:\/\/assolaribambelle.fr\/blog\/a-la-une\/ateliers-creatifs-pour-enfants-eveillez-la-creativite-de-vos-petits-artistes\/","name":"Ateliers cr\u00e9atifs pour enfants : \u00c9veillez la cr\u00e9ativit\u00e9","isPartOf":{"@id":"https:\/\/assolaribambelle.fr\/blog\/#website"},"primaryImageOfPage":{"@id":"https:\/\/assolaribambelle.fr\/blog\/a-la-une\/ateliers-creatifs-pour-enfants-eveillez-la-creativite-de-vos-petits-artistes\/#primaryimage"},"image":{"@id":"https:\/\/assolaribambelle.fr\/blog\/a-la-une\/ateliers-creatifs-pour-enfants-eveillez-la-creativite-de-vos-petits-artistes\/#primaryimage"},"thumbnailUrl":"https:\/\/assolaribambelle.fr\/blog\/wp-content\/uploads\/2025\/02\/stability-ateliers-creatifs-pour-enfants-eveillez-la-creativite-de-vos-petits-artistes.png","datePublished":"2025-02-11T13:33:00+00:00","description":"Que ce soit \u00e0 travers des activit\u00e9s manuelles, artistiques ou scientifiques, ces moments de partage offrent aux plus jeunes l'opportunit\u00e9 de s'exprimer\u2026","inLanguage":"fr-FR","potentialAction":[{"@type":"ReadAction","target":["https:\/\/assolaribambelle.fr\/blog\/a-la-une\/ateliers-creatifs-pour-enfants-eveillez-la-creativite-de-vos-petits-artistes\/"]}]},{"@type":"ImageObject","inLanguage":"fr-FR","@id":"https:\/\/assolaribambelle.fr\/blog\/a-la-une\/ateliers-creatifs-pour-enfants-eveillez-la-creativite-de-vos-petits-artistes\/#primaryimage","url":"https:\/\/assolaribambelle.fr\/blog\/wp-content\/uploads\/2025\/02\/stability-ateliers-creatifs-pour-enfants-eveillez-la-creativite-de-vos-petits-artistes.png","contentUrl":"https:\/\/assolaribambelle.fr\/blog\/wp-content\/uploads\/2025\/02\/stability-ateliers-creatifs-pour-enfants-eveillez-la-creativite-de-vos-petits-artistes.png","width":1024,"height":576},{"@type":"WebSite","@id":"https:\/\/assolaribambelle.fr\/blog\/#website","url":"https:\/\/assolaribambelle.fr\/blog\/","name":"Asso La Ribambelle","description":"Activit\u00e9s cr\u00e9atives, jeux ludiques et conseils parents \u2014 par l asso La Ribambelle.","publisher":{"@id":"https:\/\/assolaribambelle.fr\/blog\/#organization"},"alternateName":"L\u2019innovation solaire \u00e0 votre port\u00e9e.","potentialAction":[{"@type":"SearchAction","target":{"@type":"EntryPoint","urlTemplate":"https:\/\/assolaribambelle.fr\/blog\/?s={search_term_string}"},"query-input":{"@type":"PropertyValueSpecification","valueRequired":true,"valueName":"search_term_string"}}],"inLanguage":"fr-FR"},{"@type":"Organization","@id":"https:\/\/assolaribambelle.fr\/blog\/#organization","name":"Asso La Ribambelle","alternateName":"La Ribambelle \u2014 Activit\u00e9s cr\u00e9atives enfants","url":"https:\/\/assolaribambelle.fr\/blog\/","logo":{"@type":"ImageObject","inLanguage":"fr-FR","@id":"https:\/\/assolaribambelle.fr\/blog\/#\/schema\/logo\/image\/","url":"https:\/\/assolaribambelle.fr\/blog\/wp-content\/uploads\/2024\/12\/4.png","contentUrl":"https:\/\/assolaribambelle.fr\/blog\/wp-content\/uploads\/2024\/12\/4.png","width":500,"height":500,"caption":"Asso La Ribambelle"},"image":{"@id":"https:\/\/assolaribambelle.fr\/blog\/#\/schema\/logo\/image\/"}},{"@type":"Person","@id":"https:\/\/assolaribambelle.fr\/blog\/#\/schema\/person\/3c864cdc320801e3db34b663e7e3f816","name":"Elodie Mazeau","image":{"@type":"ImageObject","inLanguage":"fr-FR","@id":"https:\/\/assolaribambelle.fr\/blog\/wp-content\/uploads\/2026\/06\/persona_elodie-m-96x96.jpg","url":"https:\/\/assolaribambelle.fr\/blog\/wp-content\/uploads\/2026\/06\/persona_elodie-m-96x96.jpg","contentUrl":"https:\/\/assolaribambelle.fr\/blog\/wp-content\/uploads\/2026\/06\/persona_elodie-m-96x96.jpg","caption":"Elodie Mazeau"},"description":"J'\u00e9cris sur la parentalit\u00e9 telle qu'elle se vit vraiment, du premier biberon aux premi\u00e8res col\u00e8res. Mes sujets de pr\u00e9dilection couvrent le quotidien des familles : sommeil, alimentation, organisation, pu\u00e9riculture et ces petites gal\u00e8res que tout parent conna\u00eet. Depuis plusieurs ann\u00e9es, je m'attache \u00e0 proposer des rep\u00e8res concrets plut\u00f4t que des le\u00e7ons, parce que chaque famille trouve son propre \u00e9quilibre. Je v\u00e9rifie mes informations aupr\u00e8s de sources fiables, surtout d\u00e8s qu'on touche \u00e0 la sant\u00e9 ou \u00e0 la s\u00e9curit\u00e9 de l'enfant, et je pr\u00e9cise quand un avis professionnel s'impose. J'\u00e9vite soigneusement la culpabilisation : \u00eatre parent est d\u00e9j\u00e0 assez exigeant. Mon ton se veut complice et bienveillant, un peu comme une discussion entre parents qui se comprennent. L'id\u00e9e est d'all\u00e9ger la charge mentale en donnant des solutions simples et test\u00e9es.","sameAs":["https:\/\/elodiemazeau.fr\/"],"url":"https:\/\/assolaribambelle.fr\/blog\/auteur\/noname\/"}]}},"_links":{"self":[{"href":"https:\/\/assolaribambelle.fr\/blog\/wp-json\/wp\/v2\/posts\/7424","targetHints":{"allow":["GET"]}}],"collection":[{"href":"https:\/\/assolaribambelle.fr\/blog\/wp-json\/wp\/v2\/posts"}],"about":[{"href":"https:\/\/assolaribambelle.fr\/blog\/wp-json\/wp\/v2\/types\/post"}],"author":[{"embeddable":true,"href":"https:\/\/assolaribambelle.fr\/blog\/wp-json\/wp\/v2\/users\/34"}],"replies":[{"embeddable":true,"href":"https:\/\/assolaribambelle.fr\/blog\/wp-json\/wp\/v2\/comments?post=7424"}],"version-history":[{"count":2,"href":"https:\/\/assolaribambelle.fr\/blog\/wp-json\/wp\/v2\/posts\/7424\/revisions"}],"predecessor-version":[{"id":7607,"href":"https:\/\/assolaribambelle.fr\/blog\/wp-json\/wp\/v2\/posts\/7424\/revisions\/7607"}],"wp:featuredmedia":[{"embeddable":true,"href":"https:\/\/assolaribambelle.fr\/blog\/wp-json\/wp\/v2\/media\/7426"}],"wp:attachment":[{"href":"https:\/\/assolaribambelle.fr\/blog\/wp-json\/wp\/v2\/media?parent=7424"}],"wp:term":[{"taxonomy":"category","embeddable":true,"href":"https:\/\/assolaribambelle.fr\/blog\/wp-json\/wp\/v2\/categories?post=7424"},{"taxonomy":"post_tag","embeddable":true,"href":"https:\/\/assolaribambelle.fr\/blog\/wp-json\/wp\/v2\/tags?post=7424"}],"curies":[{"name":"wp","href":"https:\/\/api.w.org\/{rel}","templated":true}]}}