{"id":7444,"date":"2025-02-09T14:53:00","date_gmt":"2025-02-09T13:53:00","guid":{"rendered":"https:\/\/assolaribambelle.fr\/blog\/?p=7444"},"modified":"2025-02-08T12:05:14","modified_gmt":"2025-02-08T11:05:14","slug":"le-developpement-des-enfants-en-bas-age-comprendre-leurs-besoins-essentiels","status":"publish","type":"post","link":"https:\/\/assolaribambelle.fr\/blog\/a-la-une\/le-developpement-des-enfants-en-bas-age-comprendre-leurs-besoins-essentiels\/","title":{"rendered":"Le d\u00e9veloppement des enfants en bas \u00e2ge : comprendre leurs besoins essentiels"},"content":{"rendered":"<h2>Introduction : l&rsquo;importance de comprendre les enfants en bas \u00e2ge<\/h2>\n<p>Cette p\u00e9riode charni\u00e8re de la vie d&rsquo;un enfant entre la naissance et 3 ans est cruciale pour son d\u00e9veloppement physique, \u00e9motionnel et intellectuel. Comment garantir que nos petits grandissent dans un environnement stimulant et s\u00e9curisant ? Cet article explore les besoins fondamentaux des enfants en bas \u00e2ge, ainsi que les meilleures pratiques pour les accompagner durant cette \u00e9tape d\u00e9cisive.<\/p>\n<h2>Les besoins fondamentaux des enfants en bas \u00e2ge<\/h2>\n<p>Un enfant en bas \u00e2ge a des besoins sp\u00e9cifiques qui, s&rsquo;ils sont satisfaits, favoriseront son \u00e9panouissement. Ces besoins se d\u00e9clinent en plusieurs cat\u00e9gories :<\/p>\n<ul>\n<li><strong>Nutrition :<\/strong> Une alimentation \u00e9quilibr\u00e9e est essentielle pour soutenir la croissance physique et le d\u00e9veloppement cognitif.<\/li>\n<li><strong>Interaction sociale :<\/strong> Les enfants apprennent \u00e0 travers les interactions avec leurs parents et leurs pairs. Ces \u00e9changes sont cruciaux pour le d\u00e9veloppement de leurs comp\u00e9tences sociales.<\/li>\n<li><strong>Stimulation intellectuelle :<\/strong> Les jeux \u00e9ducatifs et les activit\u00e9s adapt\u00e9es \u00e0 leur \u00e2ge favorisent l&rsquo;apprentissage pr\u00e9coce et la curiosit\u00e9.<\/li>\n<\/ul>\n<p>Attendre que ces besoins soient combl\u00e9s contribue \u00e0 cr\u00e9er un environnement propice \u00e0 l&rsquo;\u00e9panouissement de l&rsquo;enfant. Il est donc essentiel d&rsquo;\u00eatre attentif \u00e0 chaque aspect de leur vie quotidienne.<\/p>\n<h2>Les impacts de l\u2019environnement sur le d\u00e9veloppement<\/h2>\n<p>Un environnement enrichissant joue un r\u00f4le d\u00e9terminant dans le d\u00e9veloppement des enfants en bas \u00e2ge. Voici quelques \u00e9l\u00e9ments cl\u00e9s qui influencent leur croissance :<img width=\"1024\" height=\"576\" src=\"https:\/\/assolaribambelle.fr\/blog\/wp-content\/uploads\/2025\/02\/stability-le-developpement-des-enfants-en-bas-age-comprendre-leurs-besoins-essentiels-1.png\" class=\"aligncenter\" alt=\"Illustration d\u00e9taill\u00e9e sur Le d\u00e9veloppement des enfants en bas \u00e2ge : comprendre leurs besoins essentiels\" title=\"Le d\u00e9veloppement des enfants en bas \u00e2ge : comprendre leurs besoins essentiels\" decoding=\"async\" loading=\"lazy\" \/><\/p>\n<table>\n<tr>\n<th>\u00c9l\u00e9ment<\/th>\n<th>Impact positif<\/th>\n<th>Cons\u00e9quences d\u2019un manque<\/th>\n<\/tr>\n<tr>\n<td>Stimulation sensorielle<\/td>\n<td>D\u00e9veloppement cognitif<\/td>\n<td>Retards d&rsquo;apprentissage<\/td>\n<\/tr>\n<tr>\n<td>Interaction avec les pairs<\/td>\n<td>Comp\u00e9tences sociales<\/td>\n<td>Isolement et difficult\u00e9 \u00e0 communiquer<\/td>\n<\/tr>\n<tr>\n<td>Soins affectueux des parents<\/td>\n<td>Confiance en soi<\/td>\n<td>Probl\u00e8mes d&rsquo;attachement<\/td>\n<\/tr>\n<\/table>\n<p>Les enfants qui \u00e9voluent dans un cadre stimulant et affectueux montrent souvent de meilleures comp\u00e9tences sociales et \u00e9motionnelles, leur permettant ainsi de s&rsquo;int\u00e9grer plus facilement dans la soci\u00e9t\u00e9.<\/p>\n<h2>Comment accompagner le d\u00e9veloppement de votre enfant ?<\/h2>\n<p>Accompagner un enfant en bas \u00e2ge n\u00e9cessite une attention particuli\u00e8re et un engagement quotidien. Voici quelques conseils pratiques :<\/p>\n<ul>\n<li><strong>Lire r\u00e9guli\u00e8rement :<\/strong> La lecture d\u00e9veloppe le vocabulaire et stimule l&rsquo;imagination. Choisissez des livres adapt\u00e9s \u00e0 leur \u00e2ge.<\/li>\n<li><strong>Encourager le jeu libre :<\/strong> Le jeu est un moyen essentiel d&rsquo;apprentissage. Offrez \u00e0 votre enfant des jouets vari\u00e9s et laissez-le explorer \u00e0 son rythme.<\/li>\n<li><strong>\u00c9tablir une routine :<\/strong> La stabilit\u00e9 rassure l&rsquo;enfant. Des horaires r\u00e9guliers pour les repas, les jeux et le sommeil favorisent une atmosph\u00e8re s\u00e9curisante.<\/li>\n<\/ul>\n<p>En int\u00e9grant ces pratiques simples dans votre quotidien, vous favoriserez le d\u00e9veloppement harmonieux de votre enfant. Chaque geste compte, et les petites attentions font toute la diff\u00e9rence.<\/p>\n<h3>FAQ :<\/h3>\n<blockquote>\n<ul>\n<li><strong>Quel est le meilleur \u00e2ge pour commencer \u00e0 lire \u00e0 mon enfant ?<\/strong>Il est b\u00e9n\u00e9fique de commencer d\u00e8s la naissance. Les b\u00e9b\u00e9s appr\u00e9cient le son de votre voix et les images color\u00e9es.<\/li>\n<li><strong>Comment puis-je stimuler le langage de mon enfant ?<\/strong>Discutez r\u00e9guli\u00e8rement avec lui, posez des questions ouvertes et encouragez-le \u00e0 s&rsquo;exprimer.<\/li>\n<li><strong>Quels types de jeux sont les plus b\u00e9n\u00e9fiques ?<\/strong>Les jeux qui encouragent la cr\u00e9ativit\u00e9, comme les blocs de construction ou les puzzles, sont excellents pour le d\u00e9veloppement cognitif.<\/li>\n<li><strong>Comment savoir si mon enfant se d\u00e9veloppe normalement ?<\/strong>Surveillez ses jalons de d\u00e9veloppement, mais n\u2019h\u00e9sitez pas \u00e0 consulter un professionnel si vous avez des doutes.<\/li>\n<\/ul>\n<\/blockquote>\n<p>En conclusion, comprendre les besoins des enfants en bas \u00e2ge est indispensable pour leur offrir un environnement propice \u00e0 leur \u00e9panouissement. En tant que parents, votre r\u00f4le est crucial pour soutenir leur d\u00e9veloppement et les pr\u00e9parer \u00e0 une vie pleine de d\u00e9couvertes et d&rsquo;apprentissages.<\/p>\n","protected":false},"excerpt":{"rendered":"","protected":false},"author":34,"featured_media":7445,"comment_status":"open","ping_status":"open","sticky":false,"template":"","format":"standard","meta":{"_acf_changed":false,"manual_indexmenow":false,"indexmenow_id_project":0,"footnotes":""},"categories":[1],"tags":[4738,4702,4546,4596,2403,4597],"class_list":["post-7444","post","type-post","status-publish","format-standard","has-post-thumbnail","hentry","category-a-la-une","tag-accompagnement","tag-developpement","tag-enfants","tag-interaction-sociale","tag-nutrition","tag-stimulation-intellectuelle","generate-columns","tablet-grid-50","mobile-grid-100","grid-parent","grid-25"],"acf":[],"yoast_head":"<!-- This site is optimized with the Yoast SEO Premium plugin v21.3 (Yoast SEO v27.3) - https:\/\/yoast.com\/product\/yoast-seo-premium-wordpress\/ -->\n<title>Le d\u00e9veloppement des enfants en bas \u00e2ge : comprendre leurs<\/title>\n<meta name=\"description\" content=\"Cette p\u00e9riode charni\u00e8re de la vie d&#039;un enfant entre la naissance et 3 ans est cruciale pour son d\u00e9veloppement physique, \u00e9motionnel et intellectuel.\" \/>\n<meta name=\"robots\" content=\"index, follow, max-snippet:-1, max-image-preview:large, max-video-preview:-1\" \/>\n<link rel=\"canonical\" href=\"https:\/\/assolaribambelle.fr\/blog\/a-la-une\/le-developpement-des-enfants-en-bas-age-comprendre-leurs-besoins-essentiels\/\" \/>\n<meta property=\"og:locale\" content=\"fr_FR\" \/>\n<meta property=\"og:type\" content=\"article\" \/>\n<meta property=\"og:title\" content=\"Le d\u00e9veloppement des enfants en bas \u00e2ge : comprendre leurs\" \/>\n<meta property=\"og:description\" content=\"Cette p\u00e9riode charni\u00e8re de la vie d&#039;un enfant entre la naissance et 3 ans est cruciale pour son d\u00e9veloppement physique, \u00e9motionnel et intellectuel.\" \/>\n<meta property=\"og:url\" content=\"https:\/\/assolaribambelle.fr\/blog\/a-la-une\/le-developpement-des-enfants-en-bas-age-comprendre-leurs-besoins-essentiels\/\" \/>\n<meta property=\"og:site_name\" content=\"Asso La Ribambelle\" \/>\n<meta property=\"og:image\" content=\"https:\/\/assolaribambelle.fr\/blog\/wp-content\/uploads\/2025\/02\/stability-le-developpement-des-enfants-en-bas-age-comprendre-leurs-besoins-essentiels.png\" \/>\n\t<meta property=\"og:image:width\" content=\"1024\" \/>\n\t<meta property=\"og:image:height\" content=\"576\" \/>\n\t<meta property=\"og:image:type\" content=\"image\/png\" \/>\n<meta name=\"author\" content=\"Elodie Mazeau\" \/>\n<meta name=\"twitter:card\" content=\"summary_large_image\" \/>\n<script type=\"application\/ld+json\" class=\"yoast-schema-graph\">{\"@context\":\"https:\\\/\\\/schema.org\",\"@graph\":[{\"@type\":\"NewsArticle\",\"@id\":\"https:\\\/\\\/assolaribambelle.fr\\\/blog\\\/a-la-une\\\/le-developpement-des-enfants-en-bas-age-comprendre-leurs-besoins-essentiels\\\/#article\",\"isPartOf\":{\"@id\":\"https:\\\/\\\/assolaribambelle.fr\\\/blog\\\/a-la-une\\\/le-developpement-des-enfants-en-bas-age-comprendre-leurs-besoins-essentiels\\\/\"},\"author\":{\"name\":\"Elodie Mazeau\",\"@id\":\"https:\\\/\\\/assolaribambelle.fr\\\/blog\\\/#\\\/schema\\\/person\\\/3c864cdc320801e3db34b663e7e3f816\"},\"headline\":\"Le d\u00e9veloppement des enfants en bas \u00e2ge : comprendre leurs besoins essentiels\",\"datePublished\":\"2025-02-09T13:53:00+00:00\",\"mainEntityOfPage\":{\"@id\":\"https:\\\/\\\/assolaribambelle.fr\\\/blog\\\/a-la-une\\\/le-developpement-des-enfants-en-bas-age-comprendre-leurs-besoins-essentiels\\\/\"},\"wordCount\":620,\"commentCount\":29,\"publisher\":{\"@id\":\"https:\\\/\\\/assolaribambelle.fr\\\/blog\\\/#organization\"},\"image\":{\"@id\":\"https:\\\/\\\/assolaribambelle.fr\\\/blog\\\/a-la-une\\\/le-developpement-des-enfants-en-bas-age-comprendre-leurs-besoins-essentiels\\\/#primaryimage\"},\"thumbnailUrl\":\"https:\\\/\\\/assolaribambelle.fr\\\/blog\\\/wp-content\\\/uploads\\\/2025\\\/02\\\/stability-le-developpement-des-enfants-en-bas-age-comprendre-leurs-besoins-essentiels.png\",\"keywords\":[\"Accompagnement\",\"D\u00e9veloppement\",\"Enfants\",\"Interaction sociale\",\"Nutrition\",\"Stimulation intellectuelle\"],\"articleSection\":[\"\u00c0 la une\"],\"inLanguage\":\"fr-FR\",\"potentialAction\":[{\"@type\":\"CommentAction\",\"name\":\"Comment\",\"target\":[\"https:\\\/\\\/assolaribambelle.fr\\\/blog\\\/a-la-une\\\/le-developpement-des-enfants-en-bas-age-comprendre-leurs-besoins-essentiels\\\/#respond\"]}]},{\"@type\":\"WebPage\",\"@id\":\"https:\\\/\\\/assolaribambelle.fr\\\/blog\\\/a-la-une\\\/le-developpement-des-enfants-en-bas-age-comprendre-leurs-besoins-essentiels\\\/\",\"url\":\"https:\\\/\\\/assolaribambelle.fr\\\/blog\\\/a-la-une\\\/le-developpement-des-enfants-en-bas-age-comprendre-leurs-besoins-essentiels\\\/\",\"name\":\"Le d\u00e9veloppement des enfants en bas \u00e2ge : comprendre leurs\",\"isPartOf\":{\"@id\":\"https:\\\/\\\/assolaribambelle.fr\\\/blog\\\/#website\"},\"primaryImageOfPage\":{\"@id\":\"https:\\\/\\\/assolaribambelle.fr\\\/blog\\\/a-la-une\\\/le-developpement-des-enfants-en-bas-age-comprendre-leurs-besoins-essentiels\\\/#primaryimage\"},\"image\":{\"@id\":\"https:\\\/\\\/assolaribambelle.fr\\\/blog\\\/a-la-une\\\/le-developpement-des-enfants-en-bas-age-comprendre-leurs-besoins-essentiels\\\/#primaryimage\"},\"thumbnailUrl\":\"https:\\\/\\\/assolaribambelle.fr\\\/blog\\\/wp-content\\\/uploads\\\/2025\\\/02\\\/stability-le-developpement-des-enfants-en-bas-age-comprendre-leurs-besoins-essentiels.png\",\"datePublished\":\"2025-02-09T13:53:00+00:00\",\"description\":\"Cette p\u00e9riode charni\u00e8re de la vie d'un enfant entre la naissance et 3 ans est cruciale pour son d\u00e9veloppement physique, \u00e9motionnel et intellectuel.\",\"inLanguage\":\"fr-FR\",\"potentialAction\":[{\"@type\":\"ReadAction\",\"target\":[\"https:\\\/\\\/assolaribambelle.fr\\\/blog\\\/a-la-une\\\/le-developpement-des-enfants-en-bas-age-comprendre-leurs-besoins-essentiels\\\/\"]}]},{\"@type\":\"ImageObject\",\"inLanguage\":\"fr-FR\",\"@id\":\"https:\\\/\\\/assolaribambelle.fr\\\/blog\\\/a-la-une\\\/le-developpement-des-enfants-en-bas-age-comprendre-leurs-besoins-essentiels\\\/#primaryimage\",\"url\":\"https:\\\/\\\/assolaribambelle.fr\\\/blog\\\/wp-content\\\/uploads\\\/2025\\\/02\\\/stability-le-developpement-des-enfants-en-bas-age-comprendre-leurs-besoins-essentiels.png\",\"contentUrl\":\"https:\\\/\\\/assolaribambelle.fr\\\/blog\\\/wp-content\\\/uploads\\\/2025\\\/02\\\/stability-le-developpement-des-enfants-en-bas-age-comprendre-leurs-besoins-essentiels.png\",\"width\":1024,\"height\":576},{\"@type\":\"WebSite\",\"@id\":\"https:\\\/\\\/assolaribambelle.fr\\\/blog\\\/#website\",\"url\":\"https:\\\/\\\/assolaribambelle.fr\\\/blog\\\/\",\"name\":\"Asso La Ribambelle\",\"description\":\"Activit\u00e9s cr\u00e9atives, jeux ludiques et conseils parents \u2014 par l asso La Ribambelle.\",\"publisher\":{\"@id\":\"https:\\\/\\\/assolaribambelle.fr\\\/blog\\\/#organization\"},\"alternateName\":\"L\u2019innovation solaire \u00e0 votre port\u00e9e.\",\"potentialAction\":[{\"@type\":\"SearchAction\",\"target\":{\"@type\":\"EntryPoint\",\"urlTemplate\":\"https:\\\/\\\/assolaribambelle.fr\\\/blog\\\/?s={search_term_string}\"},\"query-input\":{\"@type\":\"PropertyValueSpecification\",\"valueRequired\":true,\"valueName\":\"search_term_string\"}}],\"inLanguage\":\"fr-FR\"},{\"@type\":\"Organization\",\"@id\":\"https:\\\/\\\/assolaribambelle.fr\\\/blog\\\/#organization\",\"name\":\"Asso La Ribambelle\",\"alternateName\":\"La Ribambelle \u2014 Activit\u00e9s cr\u00e9atives enfants\",\"url\":\"https:\\\/\\\/assolaribambelle.fr\\\/blog\\\/\",\"logo\":{\"@type\":\"ImageObject\",\"inLanguage\":\"fr-FR\",\"@id\":\"https:\\\/\\\/assolaribambelle.fr\\\/blog\\\/#\\\/schema\\\/logo\\\/image\\\/\",\"url\":\"https:\\\/\\\/assolaribambelle.fr\\\/blog\\\/wp-content\\\/uploads\\\/2024\\\/12\\\/4.png\",\"contentUrl\":\"https:\\\/\\\/assolaribambelle.fr\\\/blog\\\/wp-content\\\/uploads\\\/2024\\\/12\\\/4.png\",\"width\":500,\"height\":500,\"caption\":\"Asso La Ribambelle\"},\"image\":{\"@id\":\"https:\\\/\\\/assolaribambelle.fr\\\/blog\\\/#\\\/schema\\\/logo\\\/image\\\/\"}},{\"@type\":\"Person\",\"@id\":\"https:\\\/\\\/assolaribambelle.fr\\\/blog\\\/#\\\/schema\\\/person\\\/3c864cdc320801e3db34b663e7e3f816\",\"name\":\"Elodie Mazeau\",\"image\":{\"@type\":\"ImageObject\",\"inLanguage\":\"fr-FR\",\"@id\":\"https:\\\/\\\/assolaribambelle.fr\\\/blog\\\/wp-content\\\/uploads\\\/2026\\\/06\\\/persona_elodie-m-96x96.jpg\",\"url\":\"https:\\\/\\\/assolaribambelle.fr\\\/blog\\\/wp-content\\\/uploads\\\/2026\\\/06\\\/persona_elodie-m-96x96.jpg\",\"contentUrl\":\"https:\\\/\\\/assolaribambelle.fr\\\/blog\\\/wp-content\\\/uploads\\\/2026\\\/06\\\/persona_elodie-m-96x96.jpg\",\"caption\":\"Elodie Mazeau\"},\"description\":\"J'\u00e9cris sur la parentalit\u00e9 telle qu'elle se vit vraiment, du premier biberon aux premi\u00e8res col\u00e8res. Mes sujets de pr\u00e9dilection couvrent le quotidien des familles : sommeil, alimentation, organisation, pu\u00e9riculture et ces petites gal\u00e8res que tout parent conna\u00eet. Depuis plusieurs ann\u00e9es, je m'attache \u00e0 proposer des rep\u00e8res concrets plut\u00f4t que des le\u00e7ons, parce que chaque famille trouve son propre \u00e9quilibre. Je v\u00e9rifie mes informations aupr\u00e8s de sources fiables, surtout d\u00e8s qu'on touche \u00e0 la sant\u00e9 ou \u00e0 la s\u00e9curit\u00e9 de l'enfant, et je pr\u00e9cise quand un avis professionnel s'impose. J'\u00e9vite soigneusement la culpabilisation : \u00eatre parent est d\u00e9j\u00e0 assez exigeant. Mon ton se veut complice et bienveillant, un peu comme une discussion entre parents qui se comprennent. L'id\u00e9e est d'all\u00e9ger la charge mentale en donnant des solutions simples et test\u00e9es.\",\"sameAs\":[\"https:\\\/\\\/elodiemazeau.fr\\\/\"],\"url\":\"https:\\\/\\\/assolaribambelle.fr\\\/blog\\\/auteur\\\/noname\\\/\"}]}<\/script>\n<!-- \/ Yoast SEO Premium plugin. -->","yoast_head_json":{"title":"Le d\u00e9veloppement des enfants en bas \u00e2ge : comprendre leurs","description":"Cette p\u00e9riode charni\u00e8re de la vie d'un enfant entre la naissance et 3 ans est cruciale pour son d\u00e9veloppement physique, \u00e9motionnel et intellectuel.","robots":{"index":"index","follow":"follow","max-snippet":"max-snippet:-1","max-image-preview":"max-image-preview:large","max-video-preview":"max-video-preview:-1"},"canonical":"https:\/\/assolaribambelle.fr\/blog\/a-la-une\/le-developpement-des-enfants-en-bas-age-comprendre-leurs-besoins-essentiels\/","og_locale":"fr_FR","og_type":"article","og_title":"Le d\u00e9veloppement des enfants en bas \u00e2ge : comprendre leurs","og_description":"Cette p\u00e9riode charni\u00e8re de la vie d'un enfant entre la naissance et 3 ans est cruciale pour son d\u00e9veloppement physique, \u00e9motionnel et intellectuel.","og_url":"https:\/\/assolaribambelle.fr\/blog\/a-la-une\/le-developpement-des-enfants-en-bas-age-comprendre-leurs-besoins-essentiels\/","og_site_name":"Asso La Ribambelle","og_image":[{"width":1024,"height":576,"url":"https:\/\/assolaribambelle.fr\/blog\/wp-content\/uploads\/2025\/02\/stability-le-developpement-des-enfants-en-bas-age-comprendre-leurs-besoins-essentiels.png","type":"image\/png"}],"author":"Elodie Mazeau","twitter_card":"summary_large_image","schema":{"@context":"https:\/\/schema.org","@graph":[{"@type":"NewsArticle","@id":"https:\/\/assolaribambelle.fr\/blog\/a-la-une\/le-developpement-des-enfants-en-bas-age-comprendre-leurs-besoins-essentiels\/#article","isPartOf":{"@id":"https:\/\/assolaribambelle.fr\/blog\/a-la-une\/le-developpement-des-enfants-en-bas-age-comprendre-leurs-besoins-essentiels\/"},"author":{"name":"Elodie Mazeau","@id":"https:\/\/assolaribambelle.fr\/blog\/#\/schema\/person\/3c864cdc320801e3db34b663e7e3f816"},"headline":"Le d\u00e9veloppement des enfants en bas \u00e2ge : comprendre leurs besoins essentiels","datePublished":"2025-02-09T13:53:00+00:00","mainEntityOfPage":{"@id":"https:\/\/assolaribambelle.fr\/blog\/a-la-une\/le-developpement-des-enfants-en-bas-age-comprendre-leurs-besoins-essentiels\/"},"wordCount":620,"commentCount":29,"publisher":{"@id":"https:\/\/assolaribambelle.fr\/blog\/#organization"},"image":{"@id":"https:\/\/assolaribambelle.fr\/blog\/a-la-une\/le-developpement-des-enfants-en-bas-age-comprendre-leurs-besoins-essentiels\/#primaryimage"},"thumbnailUrl":"https:\/\/assolaribambelle.fr\/blog\/wp-content\/uploads\/2025\/02\/stability-le-developpement-des-enfants-en-bas-age-comprendre-leurs-besoins-essentiels.png","keywords":["Accompagnement","D\u00e9veloppement","Enfants","Interaction sociale","Nutrition","Stimulation intellectuelle"],"articleSection":["\u00c0 la une"],"inLanguage":"fr-FR","potentialAction":[{"@type":"CommentAction","name":"Comment","target":["https:\/\/assolaribambelle.fr\/blog\/a-la-une\/le-developpement-des-enfants-en-bas-age-comprendre-leurs-besoins-essentiels\/#respond"]}]},{"@type":"WebPage","@id":"https:\/\/assolaribambelle.fr\/blog\/a-la-une\/le-developpement-des-enfants-en-bas-age-comprendre-leurs-besoins-essentiels\/","url":"https:\/\/assolaribambelle.fr\/blog\/a-la-une\/le-developpement-des-enfants-en-bas-age-comprendre-leurs-besoins-essentiels\/","name":"Le d\u00e9veloppement des enfants en bas \u00e2ge : comprendre leurs","isPartOf":{"@id":"https:\/\/assolaribambelle.fr\/blog\/#website"},"primaryImageOfPage":{"@id":"https:\/\/assolaribambelle.fr\/blog\/a-la-une\/le-developpement-des-enfants-en-bas-age-comprendre-leurs-besoins-essentiels\/#primaryimage"},"image":{"@id":"https:\/\/assolaribambelle.fr\/blog\/a-la-une\/le-developpement-des-enfants-en-bas-age-comprendre-leurs-besoins-essentiels\/#primaryimage"},"thumbnailUrl":"https:\/\/assolaribambelle.fr\/blog\/wp-content\/uploads\/2025\/02\/stability-le-developpement-des-enfants-en-bas-age-comprendre-leurs-besoins-essentiels.png","datePublished":"2025-02-09T13:53:00+00:00","description":"Cette p\u00e9riode charni\u00e8re de la vie d'un enfant entre la naissance et 3 ans est cruciale pour son d\u00e9veloppement physique, \u00e9motionnel et intellectuel.","inLanguage":"fr-FR","potentialAction":[{"@type":"ReadAction","target":["https:\/\/assolaribambelle.fr\/blog\/a-la-une\/le-developpement-des-enfants-en-bas-age-comprendre-leurs-besoins-essentiels\/"]}]},{"@type":"ImageObject","inLanguage":"fr-FR","@id":"https:\/\/assolaribambelle.fr\/blog\/a-la-une\/le-developpement-des-enfants-en-bas-age-comprendre-leurs-besoins-essentiels\/#primaryimage","url":"https:\/\/assolaribambelle.fr\/blog\/wp-content\/uploads\/2025\/02\/stability-le-developpement-des-enfants-en-bas-age-comprendre-leurs-besoins-essentiels.png","contentUrl":"https:\/\/assolaribambelle.fr\/blog\/wp-content\/uploads\/2025\/02\/stability-le-developpement-des-enfants-en-bas-age-comprendre-leurs-besoins-essentiels.png","width":1024,"height":576},{"@type":"WebSite","@id":"https:\/\/assolaribambelle.fr\/blog\/#website","url":"https:\/\/assolaribambelle.fr\/blog\/","name":"Asso La Ribambelle","description":"Activit\u00e9s cr\u00e9atives, jeux ludiques et conseils parents \u2014 par l asso La Ribambelle.","publisher":{"@id":"https:\/\/assolaribambelle.fr\/blog\/#organization"},"alternateName":"L\u2019innovation solaire \u00e0 votre port\u00e9e.","potentialAction":[{"@type":"SearchAction","target":{"@type":"EntryPoint","urlTemplate":"https:\/\/assolaribambelle.fr\/blog\/?s={search_term_string}"},"query-input":{"@type":"PropertyValueSpecification","valueRequired":true,"valueName":"search_term_string"}}],"inLanguage":"fr-FR"},{"@type":"Organization","@id":"https:\/\/assolaribambelle.fr\/blog\/#organization","name":"Asso La Ribambelle","alternateName":"La Ribambelle \u2014 Activit\u00e9s cr\u00e9atives enfants","url":"https:\/\/assolaribambelle.fr\/blog\/","logo":{"@type":"ImageObject","inLanguage":"fr-FR","@id":"https:\/\/assolaribambelle.fr\/blog\/#\/schema\/logo\/image\/","url":"https:\/\/assolaribambelle.fr\/blog\/wp-content\/uploads\/2024\/12\/4.png","contentUrl":"https:\/\/assolaribambelle.fr\/blog\/wp-content\/uploads\/2024\/12\/4.png","width":500,"height":500,"caption":"Asso La Ribambelle"},"image":{"@id":"https:\/\/assolaribambelle.fr\/blog\/#\/schema\/logo\/image\/"}},{"@type":"Person","@id":"https:\/\/assolaribambelle.fr\/blog\/#\/schema\/person\/3c864cdc320801e3db34b663e7e3f816","name":"Elodie Mazeau","image":{"@type":"ImageObject","inLanguage":"fr-FR","@id":"https:\/\/assolaribambelle.fr\/blog\/wp-content\/uploads\/2026\/06\/persona_elodie-m-96x96.jpg","url":"https:\/\/assolaribambelle.fr\/blog\/wp-content\/uploads\/2026\/06\/persona_elodie-m-96x96.jpg","contentUrl":"https:\/\/assolaribambelle.fr\/blog\/wp-content\/uploads\/2026\/06\/persona_elodie-m-96x96.jpg","caption":"Elodie Mazeau"},"description":"J'\u00e9cris sur la parentalit\u00e9 telle qu'elle se vit vraiment, du premier biberon aux premi\u00e8res col\u00e8res. Mes sujets de pr\u00e9dilection couvrent le quotidien des familles : sommeil, alimentation, organisation, pu\u00e9riculture et ces petites gal\u00e8res que tout parent conna\u00eet. Depuis plusieurs ann\u00e9es, je m'attache \u00e0 proposer des rep\u00e8res concrets plut\u00f4t que des le\u00e7ons, parce que chaque famille trouve son propre \u00e9quilibre. Je v\u00e9rifie mes informations aupr\u00e8s de sources fiables, surtout d\u00e8s qu'on touche \u00e0 la sant\u00e9 ou \u00e0 la s\u00e9curit\u00e9 de l'enfant, et je pr\u00e9cise quand un avis professionnel s'impose. J'\u00e9vite soigneusement la culpabilisation : \u00eatre parent est d\u00e9j\u00e0 assez exigeant. Mon ton se veut complice et bienveillant, un peu comme une discussion entre parents qui se comprennent. L'id\u00e9e est d'all\u00e9ger la charge mentale en donnant des solutions simples et test\u00e9es.","sameAs":["https:\/\/elodiemazeau.fr\/"],"url":"https:\/\/assolaribambelle.fr\/blog\/auteur\/noname\/"}]}},"_links":{"self":[{"href":"https:\/\/assolaribambelle.fr\/blog\/wp-json\/wp\/v2\/posts\/7444","targetHints":{"allow":["GET"]}}],"collection":[{"href":"https:\/\/assolaribambelle.fr\/blog\/wp-json\/wp\/v2\/posts"}],"about":[{"href":"https:\/\/assolaribambelle.fr\/blog\/wp-json\/wp\/v2\/types\/post"}],"author":[{"embeddable":true,"href":"https:\/\/assolaribambelle.fr\/blog\/wp-json\/wp\/v2\/users\/34"}],"replies":[{"embeddable":true,"href":"https:\/\/assolaribambelle.fr\/blog\/wp-json\/wp\/v2\/comments?post=7444"}],"version-history":[{"count":2,"href":"https:\/\/assolaribambelle.fr\/blog\/wp-json\/wp\/v2\/posts\/7444\/revisions"}],"predecessor-version":[{"id":7587,"href":"https:\/\/assolaribambelle.fr\/blog\/wp-json\/wp\/v2\/posts\/7444\/revisions\/7587"}],"wp:featuredmedia":[{"embeddable":true,"href":"https:\/\/assolaribambelle.fr\/blog\/wp-json\/wp\/v2\/media\/7445"}],"wp:attachment":[{"href":"https:\/\/assolaribambelle.fr\/blog\/wp-json\/wp\/v2\/media?parent=7444"}],"wp:term":[{"taxonomy":"category","embeddable":true,"href":"https:\/\/assolaribambelle.fr\/blog\/wp-json\/wp\/v2\/categories?post=7444"},{"taxonomy":"post_tag","embeddable":true,"href":"https:\/\/assolaribambelle.fr\/blog\/wp-json\/wp\/v2\/tags?post=7444"}],"curies":[{"name":"wp","href":"https:\/\/api.w.org\/{rel}","templated":true}]}}