{"id":7921,"date":"2025-11-23T09:00:00","date_gmt":"2025-11-23T09:00:00","guid":{"rendered":"https:\/\/assolaribambelle.fr\/blog\/articles\/couche-lidl\/"},"modified":"2025-11-23T09:00:00","modified_gmt":"2025-11-23T09:00:00","slug":"couche-lidl","status":"publish","type":"post","link":"https:\/\/assolaribambelle.fr\/blog\/articles\/couche-lidl\/","title":{"rendered":"Couches Lidl : Prix et Avis Complets 2026"},"content":{"rendered":"<p>Les couches Lidl, connues sous la marque \u00ab Lupilu \u00bb, suscitent un int\u00e9r\u00eat croissant parmi les parents en qu\u00eate de produits de qualit\u00e9 \u00e0 prix abordable. En 2026, avec l\u2019\u00e9volution des normes environnementales et de s\u00e9curit\u00e9, il est essentiel de comprendre les caract\u00e9ristiques de ces couches, leur rapport qualit\u00e9-prix, ainsi que les avis des utilisateurs. Cet article vous pr\u00e9sente une analyse d\u00e9taill\u00e9e des couches Lidl, afin de vous aider \u00e0 faire un choix \u00e9clair\u00e9.<\/p>\n<h2>Pr\u00e9sentation des Couches Lidl<\/h2>\n<p>Les couches Lidl sont disponibles en plusieurs tailles pour s\u2019adapter aux besoins des b\u00e9b\u00e9s \u00e0 chaque \u00e9tape de leur croissance. Elles sont con\u00e7ues pour offrir confort et protection tout en respectant des normes strictes en mati\u00e8re de s\u00e9curit\u00e9.<\/p>\n<h3>Normes et R\u00e9glementations en 2026<\/h3>\n<p>En 2026, les exigences r\u00e9glementaires pour les produits destin\u00e9s aux enfants se sont renforc\u00e9es. Les couches doivent d\u00e9sormais respecter des normes sp\u00e9cifiques concernant :<\/p>\n<ul>\n<li><strong>Absorption<\/strong> : Les couches doivent garantir une absorption efficace pour \u00e9viter les fuites.<\/li>\n<li><strong>Composition<\/strong> : Les mat\u00e9riaux utilis\u00e9s doivent \u00eatre s\u00fbrs et non irritants pour la peau d\u00e9licate des b\u00e9b\u00e9s.<\/li>\n<li><strong>\u00c9co-responsabilit\u00e9<\/strong> : De plus en plus de consommateurs privil\u00e9gient les produits respectueux de l\u2019environnement, incitant les fabricants \u00e0 adopter des pratiques durables.<\/li>\n<\/ul>\n<h2>Prix des Couches Lidl<\/h2>\n<p>Le co\u00fbt est un facteur d\u00e9terminant dans le choix des couches. En 2026, le prix moyen des paquets de couches Lidl est comp\u00e9titif par rapport aux autres marques sur le march\u00e9.<\/p>\n<table class=\"kwdbank-table\">\n<thead>\n<tr>\n<th>Taille<\/th>\n<th>Nombre de Couches<\/th>\n<th>Prix (\u20ac)<\/th>\n<th>Co\u00fbt par couche (\u20ac)<\/th>\n<\/tr>\n<\/thead>\n<tbody>\n<tr>\n<td>Taille 1<\/td>\n<td>24<\/td>\n<td>3,99<\/td>\n<td>0,17<\/td>\n<\/tr>\n<tr>\n<td>Taille 2<\/td>\n<td>22<\/td>\n<td>4,29<\/td>\n<td>0,20<\/td>\n<\/tr>\n<tr>\n<td>Taille 3<\/td>\n<td>56<\/td>\n<td>9,99<\/td>\n<td>0,18<\/td>\n<\/tr>\n<tr>\n<td>Taille 4<\/td>\n<td>50<\/td>\n<td>9,49<\/td>\n<td>0,19<\/td>\n<\/tr>\n<\/tbody>\n<\/table>\n<p>Ces prix illustrent que les couches Lidl offrent un bon rapport qualit\u00e9-prix par rapport \u00e0 d\u2019autres marques concurrentes.<\/p>\n<h2>Avis Utilisateurs sur les Couches Lidl<\/h2>\n<p>Les retours d\u2019exp\u00e9rience des parents sur les couches Lidl sont majoritairement positifs. Voici quelques points souvent mentionn\u00e9s :<\/p>\n<h3>Avantages<\/h3>\n<ul>\n<li><strong>Confort<\/strong> : De nombreux parents soulignent la douceur et le confort offerts par ces couches.<\/li>\n<li><strong>Absorption<\/strong> : L\u2019efficacit\u00e9 d\u2019absorption est souvent lou\u00e9e, permettant une utilisation prolong\u00e9e sans fuites.<\/li>\n<li><strong>Prix abordable<\/strong> : Les familles appr\u00e9cient le co\u00fbt modique sans compromettre la qualit\u00e9.<\/li>\n<\/ul>\n<h3>Inconv\u00e9nients<\/h3>\n<p>Cependant, certains utilisateurs signalent \u00e9galement quelques inconv\u00e9nients :<\/p>\n<ul>\n<li><strong>Taille<\/strong> : Quelques parents constatent que certaines tailles peuvent sembler l\u00e9g\u00e8rement plus petites que celles d\u2019autres marques.<\/li>\n<li><strong>Disponibilit\u00e9<\/strong> : Les stocks peuvent varier selon les magasins Lidl, rendant parfois difficile l\u2019achat r\u00e9gulier.<\/li>\n<\/ul>\n<h2>Pi\u00e8ges \u00e0 \u00c9viter lors du Choix de Couches<\/h2>\n<p>Lorsqu\u2019il s\u2019agit de choisir des couches pour votre b\u00e9b\u00e9, voici un pi\u00e8ge courant \u00e0 \u00e9viter :<\/p>\n<h3>Ne pas se fier uniquement au prix<\/h3>\n<p>Bien que le prix soit un facteur important, il ne doit pas \u00eatre le seul crit\u00e8re. La qualit\u00e9 et l\u2019ad\u00e9quation des couches \u00e0 votre enfant doivent primer. Parfois, une couche moins ch\u00e8re peut entra\u00eener davantage de fuites ou d\u2019irritations cutan\u00e9es.<\/p>\n<h2>Alternatives aux Couches Lidl<\/h2>\n<p>Si vous souhaitez explorer d\u2019autres options que les couches Lidl, voici quelques marques populaires en France :<\/p>\n<ol>\n<li><strong>Pampers<\/strong> : R\u00e9put\u00e9es pour leur absorption et leur confort.<\/li>\n<li><strong>Huggies<\/strong> : Connues pour leur technologie anti-fuite.<\/li>\n<li><strong>Aldi (Mamia)<\/strong> : Souvent comparables aux prix et qualit\u00e9s des couches Lidl.<\/li>\n<\/ol>\n<h2>FAQ sur les Couches Lidl<\/h2>\n<h3>Quelles sont les tailles disponibles pour les couches Lidl ?<\/h3>\n<p>Les couches Lidl sont disponibles en plusieurs tailles allant de la taille 1 (nouveau-n\u00e9) jusqu\u2019\u00e0 la taille 6 (environ 25 kg).<\/p>\n<h3>Les couches Lidl sont-elles \u00e9cologiques ?<\/h3>\n<p>Lidl s\u2019engage progressivement vers une production plus durable avec l\u2019introduction d\u2019options \u00e9co-responsables dans sa gamme Lupilu.<\/p>\n<h3>O\u00f9 acheter des couches Lidl ?<\/h3>\n<p>Vous pouvez acheter des couches Lidl dans tous les supermarch\u00e9s Lidl ou sur leur site internet selon votre localisation.<\/p>\n<h3>Quel est le niveau d\u2019absorption des couches Lidl ?<\/h3>\n<p>Les tests montrent que les couches Lupilu ont une absorption comparable aux grandes marques avec un bon rapport qualit\u00e9-prix.<\/p>\n<h3>Existe-t-il une garantie satisfait ou rembours\u00e9 sur les produits ?<\/h3>\n<p>Lidl propose g\u00e9n\u00e9ralement une politique de satisfaction client qui permet un retour si le produit ne r\u00e9pond pas aux attentes.<\/p>\n<p>En choisissant judicieusement vos produits pour b\u00e9b\u00e9 comme les couches Lidl Lupilu en tenant compte des avis et r\u00e9glementations actuelles, vous garantissez \u00e0 votre enfant confort et s\u00e9curit\u00e9 tout en ma\u00eetrisant votre budget.<\/p>\n","protected":false},"excerpt":{"rendered":"","protected":false},"author":34,"featured_media":999999999,"comment_status":"open","ping_status":"open","sticky":false,"template":"","format":"standard","meta":{"_acf_changed":false,"manual_indexmenow":false,"indexmenow_id_project":0,"footnotes":""},"categories":[5038],"tags":[],"class_list":["post-7921","post","type-post","status-publish","format-standard","has-post-thumbnail","hentry","category-articles","generate-columns","tablet-grid-50","mobile-grid-100","grid-parent","grid-25"],"acf":[],"yoast_head":"<!-- This site is optimized with the Yoast SEO Premium plugin v21.3 (Yoast SEO v27.3) - https:\/\/yoast.com\/product\/yoast-seo-premium-wordpress\/ -->\n<title>Couches Lidl : Prix et Avis Complets 2026<\/title>\n<meta name=\"description\" content=\"Les couches Lidl, connues sous la marque \u00ab Lupilu \u00bb, suscitent un int\u00e9r\u00eat croissant parmi les parents en qu\u00eate de produits de qualit\u00e9 \u00e0 prix abordable.\" \/>\n<meta name=\"robots\" content=\"index, follow, max-snippet:-1, max-image-preview:large, max-video-preview:-1\" \/>\n<link rel=\"canonical\" href=\"https:\/\/assolaribambelle.fr\/blog\/articles\/couche-lidl\/\" \/>\n<meta property=\"og:locale\" content=\"fr_FR\" \/>\n<meta property=\"og:type\" content=\"article\" \/>\n<meta property=\"og:title\" content=\"Couches Lidl : Prix et Avis Complets 2026\" \/>\n<meta property=\"og:description\" content=\"Les couches Lidl, connues sous la marque \u00ab Lupilu \u00bb, suscitent un int\u00e9r\u00eat croissant parmi les parents en qu\u00eate de produits de qualit\u00e9 \u00e0 prix abordable.\" \/>\n<meta property=\"og:url\" content=\"https:\/\/assolaribambelle.fr\/blog\/articles\/couche-lidl\/\" \/>\n<meta property=\"og:site_name\" content=\"Asso La Ribambelle\" \/>\n<meta name=\"author\" content=\"Elodie Mazeau\" \/>\n<meta name=\"twitter:card\" content=\"summary_large_image\" \/>\n<script type=\"application\/ld+json\" class=\"yoast-schema-graph\">{\"@context\":\"https:\\\/\\\/schema.org\",\"@graph\":[{\"@type\":\"NewsArticle\",\"@id\":\"https:\\\/\\\/assolaribambelle.fr\\\/blog\\\/articles\\\/couche-lidl\\\/#article\",\"isPartOf\":{\"@id\":\"https:\\\/\\\/assolaribambelle.fr\\\/blog\\\/articles\\\/couche-lidl\\\/\"},\"author\":{\"name\":\"Elodie Mazeau\",\"@id\":\"https:\\\/\\\/assolaribambelle.fr\\\/blog\\\/#\\\/schema\\\/person\\\/3c864cdc320801e3db34b663e7e3f816\"},\"headline\":\"Couches Lidl : Prix et Avis Complets 2026\",\"datePublished\":\"2025-11-23T09:00:00+00:00\",\"mainEntityOfPage\":{\"@id\":\"https:\\\/\\\/assolaribambelle.fr\\\/blog\\\/articles\\\/couche-lidl\\\/\"},\"wordCount\":712,\"commentCount\":0,\"publisher\":{\"@id\":\"https:\\\/\\\/assolaribambelle.fr\\\/blog\\\/#organization\"},\"image\":{\"@id\":\"https:\\\/\\\/assolaribambelle.fr\\\/blog\\\/articles\\\/couche-lidl\\\/#primaryimage\"},\"thumbnailUrl\":\"https:\\\/\\\/images.pexels.com\\\/photos\\\/7946796\\\/pexels-photo-7946796.jpeg?auto=compress&cs=tinysrgb&fit=crop&h=627&w=1200\",\"articleSection\":[\"Articles\"],\"inLanguage\":\"fr-FR\",\"potentialAction\":[{\"@type\":\"CommentAction\",\"name\":\"Comment\",\"target\":[\"https:\\\/\\\/assolaribambelle.fr\\\/blog\\\/articles\\\/couche-lidl\\\/#respond\"]}]},{\"@type\":\"WebPage\",\"@id\":\"https:\\\/\\\/assolaribambelle.fr\\\/blog\\\/articles\\\/couche-lidl\\\/\",\"url\":\"https:\\\/\\\/assolaribambelle.fr\\\/blog\\\/articles\\\/couche-lidl\\\/\",\"name\":\"Couches Lidl : Prix et Avis Complets 2026\",\"isPartOf\":{\"@id\":\"https:\\\/\\\/assolaribambelle.fr\\\/blog\\\/#website\"},\"primaryImageOfPage\":{\"@id\":\"https:\\\/\\\/assolaribambelle.fr\\\/blog\\\/articles\\\/couche-lidl\\\/#primaryimage\"},\"image\":{\"@id\":\"https:\\\/\\\/assolaribambelle.fr\\\/blog\\\/articles\\\/couche-lidl\\\/#primaryimage\"},\"thumbnailUrl\":\"https:\\\/\\\/images.pexels.com\\\/photos\\\/7946796\\\/pexels-photo-7946796.jpeg?auto=compress&cs=tinysrgb&fit=crop&h=627&w=1200\",\"datePublished\":\"2025-11-23T09:00:00+00:00\",\"description\":\"Les couches Lidl, connues sous la marque \u00ab Lupilu \u00bb, suscitent un int\u00e9r\u00eat croissant parmi les parents en qu\u00eate de produits de qualit\u00e9 \u00e0 prix abordable.\",\"inLanguage\":\"fr-FR\",\"potentialAction\":[{\"@type\":\"ReadAction\",\"target\":[\"https:\\\/\\\/assolaribambelle.fr\\\/blog\\\/articles\\\/couche-lidl\\\/\"]}]},{\"@type\":\"ImageObject\",\"inLanguage\":\"fr-FR\",\"@id\":\"https:\\\/\\\/assolaribambelle.fr\\\/blog\\\/articles\\\/couche-lidl\\\/#primaryimage\",\"url\":\"https:\\\/\\\/images.pexels.com\\\/photos\\\/7946796\\\/pexels-photo-7946796.jpeg?auto=compress&cs=tinysrgb&fit=crop&h=627&w=1200\",\"contentUrl\":\"https:\\\/\\\/images.pexels.com\\\/photos\\\/7946796\\\/pexels-photo-7946796.jpeg?auto=compress&cs=tinysrgb&fit=crop&h=627&w=1200\"},{\"@type\":\"WebSite\",\"@id\":\"https:\\\/\\\/assolaribambelle.fr\\\/blog\\\/#website\",\"url\":\"https:\\\/\\\/assolaribambelle.fr\\\/blog\\\/\",\"name\":\"Asso La Ribambelle\",\"description\":\"Activit\u00e9s cr\u00e9atives, jeux ludiques et conseils parents \u2014 par l asso La Ribambelle.\",\"publisher\":{\"@id\":\"https:\\\/\\\/assolaribambelle.fr\\\/blog\\\/#organization\"},\"alternateName\":\"L\u2019innovation solaire \u00e0 votre port\u00e9e.\",\"potentialAction\":[{\"@type\":\"SearchAction\",\"target\":{\"@type\":\"EntryPoint\",\"urlTemplate\":\"https:\\\/\\\/assolaribambelle.fr\\\/blog\\\/?s={search_term_string}\"},\"query-input\":{\"@type\":\"PropertyValueSpecification\",\"valueRequired\":true,\"valueName\":\"search_term_string\"}}],\"inLanguage\":\"fr-FR\"},{\"@type\":\"Organization\",\"@id\":\"https:\\\/\\\/assolaribambelle.fr\\\/blog\\\/#organization\",\"name\":\"Asso La Ribambelle\",\"alternateName\":\"La Ribambelle \u2014 Activit\u00e9s cr\u00e9atives enfants\",\"url\":\"https:\\\/\\\/assolaribambelle.fr\\\/blog\\\/\",\"logo\":{\"@type\":\"ImageObject\",\"inLanguage\":\"fr-FR\",\"@id\":\"https:\\\/\\\/assolaribambelle.fr\\\/blog\\\/#\\\/schema\\\/logo\\\/image\\\/\",\"url\":\"https:\\\/\\\/assolaribambelle.fr\\\/blog\\\/wp-content\\\/uploads\\\/2024\\\/12\\\/4.png\",\"contentUrl\":\"https:\\\/\\\/assolaribambelle.fr\\\/blog\\\/wp-content\\\/uploads\\\/2024\\\/12\\\/4.png\",\"width\":500,\"height\":500,\"caption\":\"Asso La Ribambelle\"},\"image\":{\"@id\":\"https:\\\/\\\/assolaribambelle.fr\\\/blog\\\/#\\\/schema\\\/logo\\\/image\\\/\"}},{\"@type\":\"Person\",\"@id\":\"https:\\\/\\\/assolaribambelle.fr\\\/blog\\\/#\\\/schema\\\/person\\\/3c864cdc320801e3db34b663e7e3f816\",\"name\":\"Elodie Mazeau\",\"image\":{\"@type\":\"ImageObject\",\"inLanguage\":\"fr-FR\",\"@id\":\"https:\\\/\\\/assolaribambelle.fr\\\/blog\\\/wp-content\\\/uploads\\\/2026\\\/06\\\/persona_elodie-m-96x96.jpg\",\"url\":\"https:\\\/\\\/assolaribambelle.fr\\\/blog\\\/wp-content\\\/uploads\\\/2026\\\/06\\\/persona_elodie-m-96x96.jpg\",\"contentUrl\":\"https:\\\/\\\/assolaribambelle.fr\\\/blog\\\/wp-content\\\/uploads\\\/2026\\\/06\\\/persona_elodie-m-96x96.jpg\",\"caption\":\"Elodie Mazeau\"},\"description\":\"J'\u00e9cris sur la parentalit\u00e9 telle qu'elle se vit vraiment, du premier biberon aux premi\u00e8res col\u00e8res. Mes sujets de pr\u00e9dilection couvrent le quotidien des familles : sommeil, alimentation, organisation, pu\u00e9riculture et ces petites gal\u00e8res que tout parent conna\u00eet. Depuis plusieurs ann\u00e9es, je m'attache \u00e0 proposer des rep\u00e8res concrets plut\u00f4t que des le\u00e7ons, parce que chaque famille trouve son propre \u00e9quilibre. Je v\u00e9rifie mes informations aupr\u00e8s de sources fiables, surtout d\u00e8s qu'on touche \u00e0 la sant\u00e9 ou \u00e0 la s\u00e9curit\u00e9 de l'enfant, et je pr\u00e9cise quand un avis professionnel s'impose. J'\u00e9vite soigneusement la culpabilisation : \u00eatre parent est d\u00e9j\u00e0 assez exigeant. Mon ton se veut complice et bienveillant, un peu comme une discussion entre parents qui se comprennent. L'id\u00e9e est d'all\u00e9ger la charge mentale en donnant des solutions simples et test\u00e9es.\",\"sameAs\":[\"https:\\\/\\\/elodiemazeau.fr\\\/\"],\"url\":\"https:\\\/\\\/assolaribambelle.fr\\\/blog\\\/auteur\\\/noname\\\/\"}]}<\/script>\n<!-- \/ Yoast SEO Premium plugin. -->","yoast_head_json":{"title":"Couches Lidl : Prix et Avis Complets 2026","description":"Les couches Lidl, connues sous la marque \u00ab Lupilu \u00bb, suscitent un int\u00e9r\u00eat croissant parmi les parents en qu\u00eate de produits de qualit\u00e9 \u00e0 prix abordable.","robots":{"index":"index","follow":"follow","max-snippet":"max-snippet:-1","max-image-preview":"max-image-preview:large","max-video-preview":"max-video-preview:-1"},"canonical":"https:\/\/assolaribambelle.fr\/blog\/articles\/couche-lidl\/","og_locale":"fr_FR","og_type":"article","og_title":"Couches Lidl : Prix et Avis Complets 2026","og_description":"Les couches Lidl, connues sous la marque \u00ab Lupilu \u00bb, suscitent un int\u00e9r\u00eat croissant parmi les parents en qu\u00eate de produits de qualit\u00e9 \u00e0 prix abordable.","og_url":"https:\/\/assolaribambelle.fr\/blog\/articles\/couche-lidl\/","og_site_name":"Asso La Ribambelle","author":"Elodie Mazeau","twitter_card":"summary_large_image","schema":{"@context":"https:\/\/schema.org","@graph":[{"@type":"NewsArticle","@id":"https:\/\/assolaribambelle.fr\/blog\/articles\/couche-lidl\/#article","isPartOf":{"@id":"https:\/\/assolaribambelle.fr\/blog\/articles\/couche-lidl\/"},"author":{"name":"Elodie Mazeau","@id":"https:\/\/assolaribambelle.fr\/blog\/#\/schema\/person\/3c864cdc320801e3db34b663e7e3f816"},"headline":"Couches Lidl : Prix et Avis Complets 2026","datePublished":"2025-11-23T09:00:00+00:00","mainEntityOfPage":{"@id":"https:\/\/assolaribambelle.fr\/blog\/articles\/couche-lidl\/"},"wordCount":712,"commentCount":0,"publisher":{"@id":"https:\/\/assolaribambelle.fr\/blog\/#organization"},"image":{"@id":"https:\/\/assolaribambelle.fr\/blog\/articles\/couche-lidl\/#primaryimage"},"thumbnailUrl":"https:\/\/images.pexels.com\/photos\/7946796\/pexels-photo-7946796.jpeg?auto=compress&cs=tinysrgb&fit=crop&h=627&w=1200","articleSection":["Articles"],"inLanguage":"fr-FR","potentialAction":[{"@type":"CommentAction","name":"Comment","target":["https:\/\/assolaribambelle.fr\/blog\/articles\/couche-lidl\/#respond"]}]},{"@type":"WebPage","@id":"https:\/\/assolaribambelle.fr\/blog\/articles\/couche-lidl\/","url":"https:\/\/assolaribambelle.fr\/blog\/articles\/couche-lidl\/","name":"Couches Lidl : Prix et Avis Complets 2026","isPartOf":{"@id":"https:\/\/assolaribambelle.fr\/blog\/#website"},"primaryImageOfPage":{"@id":"https:\/\/assolaribambelle.fr\/blog\/articles\/couche-lidl\/#primaryimage"},"image":{"@id":"https:\/\/assolaribambelle.fr\/blog\/articles\/couche-lidl\/#primaryimage"},"thumbnailUrl":"https:\/\/images.pexels.com\/photos\/7946796\/pexels-photo-7946796.jpeg?auto=compress&cs=tinysrgb&fit=crop&h=627&w=1200","datePublished":"2025-11-23T09:00:00+00:00","description":"Les couches Lidl, connues sous la marque \u00ab Lupilu \u00bb, suscitent un int\u00e9r\u00eat croissant parmi les parents en qu\u00eate de produits de qualit\u00e9 \u00e0 prix abordable.","inLanguage":"fr-FR","potentialAction":[{"@type":"ReadAction","target":["https:\/\/assolaribambelle.fr\/blog\/articles\/couche-lidl\/"]}]},{"@type":"ImageObject","inLanguage":"fr-FR","@id":"https:\/\/assolaribambelle.fr\/blog\/articles\/couche-lidl\/#primaryimage","url":"https:\/\/images.pexels.com\/photos\/7946796\/pexels-photo-7946796.jpeg?auto=compress&cs=tinysrgb&fit=crop&h=627&w=1200","contentUrl":"https:\/\/images.pexels.com\/photos\/7946796\/pexels-photo-7946796.jpeg?auto=compress&cs=tinysrgb&fit=crop&h=627&w=1200"},{"@type":"WebSite","@id":"https:\/\/assolaribambelle.fr\/blog\/#website","url":"https:\/\/assolaribambelle.fr\/blog\/","name":"Asso La Ribambelle","description":"Activit\u00e9s cr\u00e9atives, jeux ludiques et conseils parents \u2014 par l asso La Ribambelle.","publisher":{"@id":"https:\/\/assolaribambelle.fr\/blog\/#organization"},"alternateName":"L\u2019innovation solaire \u00e0 votre port\u00e9e.","potentialAction":[{"@type":"SearchAction","target":{"@type":"EntryPoint","urlTemplate":"https:\/\/assolaribambelle.fr\/blog\/?s={search_term_string}"},"query-input":{"@type":"PropertyValueSpecification","valueRequired":true,"valueName":"search_term_string"}}],"inLanguage":"fr-FR"},{"@type":"Organization","@id":"https:\/\/assolaribambelle.fr\/blog\/#organization","name":"Asso La Ribambelle","alternateName":"La Ribambelle \u2014 Activit\u00e9s cr\u00e9atives enfants","url":"https:\/\/assolaribambelle.fr\/blog\/","logo":{"@type":"ImageObject","inLanguage":"fr-FR","@id":"https:\/\/assolaribambelle.fr\/blog\/#\/schema\/logo\/image\/","url":"https:\/\/assolaribambelle.fr\/blog\/wp-content\/uploads\/2024\/12\/4.png","contentUrl":"https:\/\/assolaribambelle.fr\/blog\/wp-content\/uploads\/2024\/12\/4.png","width":500,"height":500,"caption":"Asso La Ribambelle"},"image":{"@id":"https:\/\/assolaribambelle.fr\/blog\/#\/schema\/logo\/image\/"}},{"@type":"Person","@id":"https:\/\/assolaribambelle.fr\/blog\/#\/schema\/person\/3c864cdc320801e3db34b663e7e3f816","name":"Elodie Mazeau","image":{"@type":"ImageObject","inLanguage":"fr-FR","@id":"https:\/\/assolaribambelle.fr\/blog\/wp-content\/uploads\/2026\/06\/persona_elodie-m-96x96.jpg","url":"https:\/\/assolaribambelle.fr\/blog\/wp-content\/uploads\/2026\/06\/persona_elodie-m-96x96.jpg","contentUrl":"https:\/\/assolaribambelle.fr\/blog\/wp-content\/uploads\/2026\/06\/persona_elodie-m-96x96.jpg","caption":"Elodie Mazeau"},"description":"J'\u00e9cris sur la parentalit\u00e9 telle qu'elle se vit vraiment, du premier biberon aux premi\u00e8res col\u00e8res. Mes sujets de pr\u00e9dilection couvrent le quotidien des familles : sommeil, alimentation, organisation, pu\u00e9riculture et ces petites gal\u00e8res que tout parent conna\u00eet. Depuis plusieurs ann\u00e9es, je m'attache \u00e0 proposer des rep\u00e8res concrets plut\u00f4t que des le\u00e7ons, parce que chaque famille trouve son propre \u00e9quilibre. Je v\u00e9rifie mes informations aupr\u00e8s de sources fiables, surtout d\u00e8s qu'on touche \u00e0 la sant\u00e9 ou \u00e0 la s\u00e9curit\u00e9 de l'enfant, et je pr\u00e9cise quand un avis professionnel s'impose. J'\u00e9vite soigneusement la culpabilisation : \u00eatre parent est d\u00e9j\u00e0 assez exigeant. Mon ton se veut complice et bienveillant, un peu comme une discussion entre parents qui se comprennent. L'id\u00e9e est d'all\u00e9ger la charge mentale en donnant des solutions simples et test\u00e9es.","sameAs":["https:\/\/elodiemazeau.fr\/"],"url":"https:\/\/assolaribambelle.fr\/blog\/auteur\/noname\/"}]}},"_links":{"self":[{"href":"https:\/\/assolaribambelle.fr\/blog\/wp-json\/wp\/v2\/posts\/7921","targetHints":{"allow":["GET"]}}],"collection":[{"href":"https:\/\/assolaribambelle.fr\/blog\/wp-json\/wp\/v2\/posts"}],"about":[{"href":"https:\/\/assolaribambelle.fr\/blog\/wp-json\/wp\/v2\/types\/post"}],"author":[{"embeddable":true,"href":"https:\/\/assolaribambelle.fr\/blog\/wp-json\/wp\/v2\/users\/34"}],"replies":[{"embeddable":true,"href":"https:\/\/assolaribambelle.fr\/blog\/wp-json\/wp\/v2\/comments?post=7921"}],"version-history":[{"count":0,"href":"https:\/\/assolaribambelle.fr\/blog\/wp-json\/wp\/v2\/posts\/7921\/revisions"}],"wp:attachment":[{"href":"https:\/\/assolaribambelle.fr\/blog\/wp-json\/wp\/v2\/media?parent=7921"}],"wp:term":[{"taxonomy":"category","embeddable":true,"href":"https:\/\/assolaribambelle.fr\/blog\/wp-json\/wp\/v2\/categories?post=7921"},{"taxonomy":"post_tag","embeddable":true,"href":"https:\/\/assolaribambelle.fr\/blog\/wp-json\/wp\/v2\/tags?post=7921"}],"curies":[{"name":"wp","href":"https:\/\/api.w.org\/{rel}","templated":true}]}}