{"id":7933,"date":"2026-03-10T09:00:00","date_gmt":"2026-03-10T09:00:00","guid":{"rendered":"https:\/\/assolaribambelle.fr\/blog\/articles\/ementale-femme-enceinte\/"},"modified":"2026-03-10T09:00:00","modified_gmt":"2026-03-10T09:00:00","slug":"ementale-femme-enceinte","status":"publish","type":"post","link":"https:\/\/assolaribambelle.fr\/blog\/articles\/ementale-femme-enceinte\/","title":{"rendered":"Sant\u00e9 mentale femme enceinte : Guide complet"},"content":{"rendered":"<p>La sant\u00e9 mentale des femmes enceintes est une pr\u00e9occupation majeure qui touche environ 20% des futures mamans. Les fluctuations hormonales, les changements physiques et les pr\u00e9occupations li\u00e9es \u00e0 la maternit\u00e9 peuvent entra\u00eener des troubles de l\u2019humeur, tels que l\u2019anxi\u00e9t\u00e9 et la d\u00e9pression. En 2026, les normes r\u00e9glementaires en mati\u00e8re de sant\u00e9 mentale pour les femmes enceintes ont \u00e9volu\u00e9, rendant le soutien psychologique plus accessible. Ce guide vous fournit des informations cruciales sur la sant\u00e9 mentale durant la grossesse, les normes en vigueur et les ressources disponibles.<\/p>\n<h2>Impact de la grossesse sur la sant\u00e9 mentale<\/h2>\n<h3>Changements hormonaux et \u00e9motionnels<\/h3>\n<p>Pendant la grossesse, le corps subit d\u2019importants changements hormonaux. L\u2019augmentation des niveaux d\u2019hormones comme l\u2019\u0153strog\u00e8ne et la progest\u00e9rone peut influencer l\u2019humeur. Par exemple, une \u00e9tude men\u00e9e en 2025 a r\u00e9v\u00e9l\u00e9 que 30% des femmes enceintes \u00e9prouvaient des sympt\u00f4mes d\u2019anxi\u00e9t\u00e9 mod\u00e9r\u00e9e \u00e0 s\u00e9v\u00e8re.<\/p>\n<h3>Risques de d\u00e9pression p\u00e9rinatale<\/h3>\n<p>La d\u00e9pression p\u00e9rinatale est un trouble courant qui survient pendant la grossesse ou dans les mois suivant l\u2019accouchement. Selon une \u00e9tude de 2026, environ 15% des femmes enceintes d\u00e9veloppent une d\u00e9pression clinique pendant cette p\u00e9riode. Les facteurs de risque incluent :<\/p>\n<ul>\n<li>Ant\u00e9c\u00e9dents personnels ou familiaux de troubles mentaux<\/li>\n<li>Stress psychosocial \u00e9lev\u00e9<\/li>\n<li>Manque de soutien social<\/li>\n<\/ul>\n<h2>Normes r\u00e9glementaires en mati\u00e8re de sant\u00e9 mentale (2026)<\/h2>\n<h3>Acc\u00e8s aux soins psychologiques<\/h3>\n<p>Depuis 2026, plusieurs pays ont mis en place des protocoles pour am\u00e9liorer l\u2019acc\u00e8s aux soins psychologiques pour les femmes enceintes. Ces mesures incluent :<\/p>\n<ul>\n<li><strong>\u00c9valuation syst\u00e9matique<\/strong> : Tous les professionnels de sant\u00e9 doivent \u00e9valuer le bien-\u00eatre mental lors des consultations pr\u00e9natales.<\/li>\n<li><strong>Soutien psychologique<\/strong> : Des programmes de soutien sont disponibles dans les h\u00f4pitaux et cliniques.<\/li>\n<\/ul>\n<h3>Sensibilisation et formation des professionnels<\/h3>\n<p>Les formations sp\u00e9cifiques sur la sant\u00e9 mentale pendant la grossesse sont d\u00e9sormais obligatoires pour les sages-femmes et m\u00e9decins. Cela garantit qu\u2019ils sont \u00e9quip\u00e9s pour identifier et traiter les troubles mentaux chez leurs patientes.<\/p>\n<h2>Ressources disponibles<\/h2>\n<h3>Programmes de soutien<\/h3>\n<p>Voici quelques ressources utiles :<\/p>\n<table class=\"kwdbank-table\">\n<thead>\n<tr>\n<th>Programme<\/th>\n<th>Description<\/th>\n<th>Contact<\/th>\n<\/tr>\n<\/thead>\n<tbody>\n<tr>\n<td><strong>Ligne d\u2019\u00e9coute<\/strong><\/td>\n<td>Soutien t\u00e9l\u00e9phonique 24\/7 pour femmes enceintes<\/td>\n<td>0800 123 456<\/td>\n<\/tr>\n<tr>\n<td><strong>Groupes de parole<\/strong><\/td>\n<td>Rencontres mensuelles entre futures mamans<\/td>\n<td>www.groupesdemamans.fr<\/td>\n<\/tr>\n<tr>\n<td><strong>Consultations psychologiques<\/strong><\/td>\n<td>S\u00e9ances individuelles avec un professionnel<\/td>\n<td>www.sante-mentale-grossesse.fr<\/td>\n<\/tr>\n<\/tbody>\n<\/table>\n<h3>Pi\u00e8ges \u00e0 \u00e9viter<\/h3>\n<p>Un pi\u00e8ge courant est de minimiser ses sentiments en pensant qu\u2019ils sont normaux ou temporaires. Ignorer ces signaux peut aggraver la situation. Il est essentiel d\u2019en parler \u00e0 un professionnel d\u00e8s que des sympt\u00f4mes apparaissent.<\/p>\n<h2>Comment prendre soin de sa sant\u00e9 mentale ?<\/h2>\n<h3>Pratiques recommand\u00e9es<\/h3>\n<ol>\n<li><strong>Exercice physique r\u00e9gulier<\/strong> : La pratique d\u2019une activit\u00e9 physique douce comme le yoga ou la marche peut r\u00e9duire l\u2019anxi\u00e9t\u00e9.<\/li>\n<li><strong>Alimentation \u00e9quilibr\u00e9e<\/strong> : Une alimentation riche en om\u00e9ga-3, fruits et l\u00e9gumes contribue \u00e0 un meilleur \u00e9tat mental.<\/li>\n<li><strong>Techniques de relaxation<\/strong> : M\u00e9ditation, respiration profonde ou sophrologie peuvent \u00eatre b\u00e9n\u00e9fiques.<\/li>\n<\/ol>\n<h3>Action imm\u00e9diate<\/h3>\n<p>Si vous ressentez une d\u00e9tresse \u00e9motionnelle, contactez imm\u00e9diatement votre m\u00e9decin ou un professionnel de la sant\u00e9 mentale pour discuter des options disponibles.<\/p>\n<h2>FAQ<\/h2>\n<h3>Quels sont les signes d\u2019une d\u00e9pression p\u00e9rinatale ?<\/h3>\n<p>Les signes incluent une tristesse persistante, une perte d\u2019int\u00e9r\u00eat pour les activit\u00e9s habituelles et des difficult\u00e9s \u00e0 se concentrer.<\/p>\n<h3>Comment puis-je parler \u00e0 mon m\u00e9decin de mes probl\u00e8mes mentaux ?<\/h3>\n<p>Pr\u00e9parez vos pens\u00e9es avant le rendez-vous. Soyez honn\u00eate sur vos sentiments et n\u2019h\u00e9sitez pas \u00e0 poser des questions sur le soutien disponible.<\/p>\n<h3>Quelles th\u00e9rapies sont efficaces pendant la grossesse ?<\/h3>\n<p>Les th\u00e9rapies cognitivo-comportementales (TCC) ont montr\u00e9 leur efficacit\u00e9 dans le traitement des troubles anxieux et d\u00e9pressifs chez les femmes enceintes.<\/p>\n<h3>O\u00f9 trouver du soutien si je ne peux pas acc\u00e9der \u00e0 un professionnel ?<\/h3>\n<p>De nombreux groupes en ligne offrent du soutien mutuel. Recherchez ceux qui se concentrent sur la maternit\u00e9.<\/p>\n<h3>Quelles sont les cons\u00e9quences d\u2019ignorer mes probl\u00e8mes mentaux ?<\/h3>\n<p>Ignorer ces probl\u00e8mes peut affecter non seulement votre bien-\u00eatre mais aussi celui du b\u00e9b\u00e9, augmentant le risque de complications pendant et apr\u00e8s la grossesse.<\/p>\n<p>En prenant conscience de votre sant\u00e9 mentale durant cette p\u00e9riode cruciale, vous faites un pas important vers une maternit\u00e9 \u00e9panouissante et sereine.<\/p>\n","protected":false},"excerpt":{"rendered":"","protected":false},"author":34,"featured_media":999999999,"comment_status":"open","ping_status":"open","sticky":false,"template":"","format":"standard","meta":{"_acf_changed":false,"manual_indexmenow":false,"indexmenow_id_project":0,"footnotes":""},"categories":[5038],"tags":[],"class_list":["post-7933","post","type-post","status-publish","format-standard","has-post-thumbnail","hentry","category-articles","generate-columns","tablet-grid-50","mobile-grid-100","grid-parent","grid-25"],"acf":[],"yoast_head":"<!-- This site is optimized with the Yoast SEO Premium plugin v21.3 (Yoast SEO v27.3) - https:\/\/yoast.com\/product\/yoast-seo-premium-wordpress\/ -->\n<title>Sant\u00e9 mentale femme enceinte : Guide complet<\/title>\n<meta name=\"description\" content=\"La sant\u00e9 mentale des femmes enceintes est une pr\u00e9occupation majeure qui touche environ 20% des futures mamans.\" \/>\n<meta name=\"robots\" content=\"index, follow, max-snippet:-1, max-image-preview:large, max-video-preview:-1\" \/>\n<link rel=\"canonical\" href=\"https:\/\/assolaribambelle.fr\/blog\/articles\/ementale-femme-enceinte\/\" \/>\n<meta property=\"og:locale\" content=\"fr_FR\" \/>\n<meta property=\"og:type\" content=\"article\" \/>\n<meta property=\"og:title\" content=\"Sant\u00e9 mentale femme enceinte : Guide complet\" \/>\n<meta property=\"og:description\" content=\"La sant\u00e9 mentale des femmes enceintes est une pr\u00e9occupation majeure qui touche environ 20% des futures mamans.\" \/>\n<meta property=\"og:url\" content=\"https:\/\/assolaribambelle.fr\/blog\/articles\/ementale-femme-enceinte\/\" \/>\n<meta property=\"og:site_name\" content=\"Asso La Ribambelle\" \/>\n<meta name=\"author\" content=\"Elodie Mazeau\" \/>\n<meta name=\"twitter:card\" content=\"summary_large_image\" \/>\n<script type=\"application\/ld+json\" class=\"yoast-schema-graph\">{\"@context\":\"https:\\\/\\\/schema.org\",\"@graph\":[{\"@type\":\"NewsArticle\",\"@id\":\"https:\\\/\\\/assolaribambelle.fr\\\/blog\\\/articles\\\/ementale-femme-enceinte\\\/#article\",\"isPartOf\":{\"@id\":\"https:\\\/\\\/assolaribambelle.fr\\\/blog\\\/articles\\\/ementale-femme-enceinte\\\/\"},\"author\":{\"name\":\"Elodie Mazeau\",\"@id\":\"https:\\\/\\\/assolaribambelle.fr\\\/blog\\\/#\\\/schema\\\/person\\\/3c864cdc320801e3db34b663e7e3f816\"},\"headline\":\"Sant\u00e9 mentale femme enceinte : Guide complet\",\"datePublished\":\"2026-03-10T09:00:00+00:00\",\"mainEntityOfPage\":{\"@id\":\"https:\\\/\\\/assolaribambelle.fr\\\/blog\\\/articles\\\/ementale-femme-enceinte\\\/\"},\"wordCount\":720,\"commentCount\":0,\"publisher\":{\"@id\":\"https:\\\/\\\/assolaribambelle.fr\\\/blog\\\/#organization\"},\"image\":{\"@id\":\"https:\\\/\\\/assolaribambelle.fr\\\/blog\\\/articles\\\/ementale-femme-enceinte\\\/#primaryimage\"},\"thumbnailUrl\":\"https:\\\/\\\/images.pexels.com\\\/photos\\\/8032749\\\/pexels-photo-8032749.jpeg?auto=compress&cs=tinysrgb&fit=crop&h=627&w=1200\",\"articleSection\":[\"Articles\"],\"inLanguage\":\"fr-FR\",\"potentialAction\":[{\"@type\":\"CommentAction\",\"name\":\"Comment\",\"target\":[\"https:\\\/\\\/assolaribambelle.fr\\\/blog\\\/articles\\\/ementale-femme-enceinte\\\/#respond\"]}]},{\"@type\":\"WebPage\",\"@id\":\"https:\\\/\\\/assolaribambelle.fr\\\/blog\\\/articles\\\/ementale-femme-enceinte\\\/\",\"url\":\"https:\\\/\\\/assolaribambelle.fr\\\/blog\\\/articles\\\/ementale-femme-enceinte\\\/\",\"name\":\"Sant\u00e9 mentale femme enceinte : Guide complet\",\"isPartOf\":{\"@id\":\"https:\\\/\\\/assolaribambelle.fr\\\/blog\\\/#website\"},\"primaryImageOfPage\":{\"@id\":\"https:\\\/\\\/assolaribambelle.fr\\\/blog\\\/articles\\\/ementale-femme-enceinte\\\/#primaryimage\"},\"image\":{\"@id\":\"https:\\\/\\\/assolaribambelle.fr\\\/blog\\\/articles\\\/ementale-femme-enceinte\\\/#primaryimage\"},\"thumbnailUrl\":\"https:\\\/\\\/images.pexels.com\\\/photos\\\/8032749\\\/pexels-photo-8032749.jpeg?auto=compress&cs=tinysrgb&fit=crop&h=627&w=1200\",\"datePublished\":\"2026-03-10T09:00:00+00:00\",\"description\":\"La sant\u00e9 mentale des femmes enceintes est une pr\u00e9occupation majeure qui touche environ 20% des futures mamans.\",\"inLanguage\":\"fr-FR\",\"potentialAction\":[{\"@type\":\"ReadAction\",\"target\":[\"https:\\\/\\\/assolaribambelle.fr\\\/blog\\\/articles\\\/ementale-femme-enceinte\\\/\"]}]},{\"@type\":\"ImageObject\",\"inLanguage\":\"fr-FR\",\"@id\":\"https:\\\/\\\/assolaribambelle.fr\\\/blog\\\/articles\\\/ementale-femme-enceinte\\\/#primaryimage\",\"url\":\"https:\\\/\\\/images.pexels.com\\\/photos\\\/8032749\\\/pexels-photo-8032749.jpeg?auto=compress&cs=tinysrgb&fit=crop&h=627&w=1200\",\"contentUrl\":\"https:\\\/\\\/images.pexels.com\\\/photos\\\/8032749\\\/pexels-photo-8032749.jpeg?auto=compress&cs=tinysrgb&fit=crop&h=627&w=1200\"},{\"@type\":\"WebSite\",\"@id\":\"https:\\\/\\\/assolaribambelle.fr\\\/blog\\\/#website\",\"url\":\"https:\\\/\\\/assolaribambelle.fr\\\/blog\\\/\",\"name\":\"Asso La Ribambelle\",\"description\":\"Activit\u00e9s cr\u00e9atives, jeux ludiques et conseils parents \u2014 par l asso La Ribambelle.\",\"publisher\":{\"@id\":\"https:\\\/\\\/assolaribambelle.fr\\\/blog\\\/#organization\"},\"alternateName\":\"L\u2019innovation solaire \u00e0 votre port\u00e9e.\",\"potentialAction\":[{\"@type\":\"SearchAction\",\"target\":{\"@type\":\"EntryPoint\",\"urlTemplate\":\"https:\\\/\\\/assolaribambelle.fr\\\/blog\\\/?s={search_term_string}\"},\"query-input\":{\"@type\":\"PropertyValueSpecification\",\"valueRequired\":true,\"valueName\":\"search_term_string\"}}],\"inLanguage\":\"fr-FR\"},{\"@type\":\"Organization\",\"@id\":\"https:\\\/\\\/assolaribambelle.fr\\\/blog\\\/#organization\",\"name\":\"Asso La Ribambelle\",\"alternateName\":\"La Ribambelle \u2014 Activit\u00e9s cr\u00e9atives enfants\",\"url\":\"https:\\\/\\\/assolaribambelle.fr\\\/blog\\\/\",\"logo\":{\"@type\":\"ImageObject\",\"inLanguage\":\"fr-FR\",\"@id\":\"https:\\\/\\\/assolaribambelle.fr\\\/blog\\\/#\\\/schema\\\/logo\\\/image\\\/\",\"url\":\"https:\\\/\\\/assolaribambelle.fr\\\/blog\\\/wp-content\\\/uploads\\\/2024\\\/12\\\/4.png\",\"contentUrl\":\"https:\\\/\\\/assolaribambelle.fr\\\/blog\\\/wp-content\\\/uploads\\\/2024\\\/12\\\/4.png\",\"width\":500,\"height\":500,\"caption\":\"Asso La Ribambelle\"},\"image\":{\"@id\":\"https:\\\/\\\/assolaribambelle.fr\\\/blog\\\/#\\\/schema\\\/logo\\\/image\\\/\"}},{\"@type\":\"Person\",\"@id\":\"https:\\\/\\\/assolaribambelle.fr\\\/blog\\\/#\\\/schema\\\/person\\\/3c864cdc320801e3db34b663e7e3f816\",\"name\":\"Elodie Mazeau\",\"image\":{\"@type\":\"ImageObject\",\"inLanguage\":\"fr-FR\",\"@id\":\"https:\\\/\\\/assolaribambelle.fr\\\/blog\\\/wp-content\\\/uploads\\\/2026\\\/06\\\/persona_elodie-m-96x96.jpg\",\"url\":\"https:\\\/\\\/assolaribambelle.fr\\\/blog\\\/wp-content\\\/uploads\\\/2026\\\/06\\\/persona_elodie-m-96x96.jpg\",\"contentUrl\":\"https:\\\/\\\/assolaribambelle.fr\\\/blog\\\/wp-content\\\/uploads\\\/2026\\\/06\\\/persona_elodie-m-96x96.jpg\",\"caption\":\"Elodie Mazeau\"},\"description\":\"J'\u00e9cris sur la parentalit\u00e9 telle qu'elle se vit vraiment, du premier biberon aux premi\u00e8res col\u00e8res. Mes sujets de pr\u00e9dilection couvrent le quotidien des familles : sommeil, alimentation, organisation, pu\u00e9riculture et ces petites gal\u00e8res que tout parent conna\u00eet. Depuis plusieurs ann\u00e9es, je m'attache \u00e0 proposer des rep\u00e8res concrets plut\u00f4t que des le\u00e7ons, parce que chaque famille trouve son propre \u00e9quilibre. Je v\u00e9rifie mes informations aupr\u00e8s de sources fiables, surtout d\u00e8s qu'on touche \u00e0 la sant\u00e9 ou \u00e0 la s\u00e9curit\u00e9 de l'enfant, et je pr\u00e9cise quand un avis professionnel s'impose. J'\u00e9vite soigneusement la culpabilisation : \u00eatre parent est d\u00e9j\u00e0 assez exigeant. Mon ton se veut complice et bienveillant, un peu comme une discussion entre parents qui se comprennent. L'id\u00e9e est d'all\u00e9ger la charge mentale en donnant des solutions simples et test\u00e9es.\",\"sameAs\":[\"https:\\\/\\\/elodiemazeau.fr\\\/\"],\"url\":\"https:\\\/\\\/assolaribambelle.fr\\\/blog\\\/auteur\\\/noname\\\/\"}]}<\/script>\n<!-- \/ Yoast SEO Premium plugin. -->","yoast_head_json":{"title":"Sant\u00e9 mentale femme enceinte : Guide complet","description":"La sant\u00e9 mentale des femmes enceintes est une pr\u00e9occupation majeure qui touche environ 20% des futures mamans.","robots":{"index":"index","follow":"follow","max-snippet":"max-snippet:-1","max-image-preview":"max-image-preview:large","max-video-preview":"max-video-preview:-1"},"canonical":"https:\/\/assolaribambelle.fr\/blog\/articles\/ementale-femme-enceinte\/","og_locale":"fr_FR","og_type":"article","og_title":"Sant\u00e9 mentale femme enceinte : Guide complet","og_description":"La sant\u00e9 mentale des femmes enceintes est une pr\u00e9occupation majeure qui touche environ 20% des futures mamans.","og_url":"https:\/\/assolaribambelle.fr\/blog\/articles\/ementale-femme-enceinte\/","og_site_name":"Asso La Ribambelle","author":"Elodie Mazeau","twitter_card":"summary_large_image","schema":{"@context":"https:\/\/schema.org","@graph":[{"@type":"NewsArticle","@id":"https:\/\/assolaribambelle.fr\/blog\/articles\/ementale-femme-enceinte\/#article","isPartOf":{"@id":"https:\/\/assolaribambelle.fr\/blog\/articles\/ementale-femme-enceinte\/"},"author":{"name":"Elodie Mazeau","@id":"https:\/\/assolaribambelle.fr\/blog\/#\/schema\/person\/3c864cdc320801e3db34b663e7e3f816"},"headline":"Sant\u00e9 mentale femme enceinte : Guide complet","datePublished":"2026-03-10T09:00:00+00:00","mainEntityOfPage":{"@id":"https:\/\/assolaribambelle.fr\/blog\/articles\/ementale-femme-enceinte\/"},"wordCount":720,"commentCount":0,"publisher":{"@id":"https:\/\/assolaribambelle.fr\/blog\/#organization"},"image":{"@id":"https:\/\/assolaribambelle.fr\/blog\/articles\/ementale-femme-enceinte\/#primaryimage"},"thumbnailUrl":"https:\/\/images.pexels.com\/photos\/8032749\/pexels-photo-8032749.jpeg?auto=compress&cs=tinysrgb&fit=crop&h=627&w=1200","articleSection":["Articles"],"inLanguage":"fr-FR","potentialAction":[{"@type":"CommentAction","name":"Comment","target":["https:\/\/assolaribambelle.fr\/blog\/articles\/ementale-femme-enceinte\/#respond"]}]},{"@type":"WebPage","@id":"https:\/\/assolaribambelle.fr\/blog\/articles\/ementale-femme-enceinte\/","url":"https:\/\/assolaribambelle.fr\/blog\/articles\/ementale-femme-enceinte\/","name":"Sant\u00e9 mentale femme enceinte : Guide complet","isPartOf":{"@id":"https:\/\/assolaribambelle.fr\/blog\/#website"},"primaryImageOfPage":{"@id":"https:\/\/assolaribambelle.fr\/blog\/articles\/ementale-femme-enceinte\/#primaryimage"},"image":{"@id":"https:\/\/assolaribambelle.fr\/blog\/articles\/ementale-femme-enceinte\/#primaryimage"},"thumbnailUrl":"https:\/\/images.pexels.com\/photos\/8032749\/pexels-photo-8032749.jpeg?auto=compress&cs=tinysrgb&fit=crop&h=627&w=1200","datePublished":"2026-03-10T09:00:00+00:00","description":"La sant\u00e9 mentale des femmes enceintes est une pr\u00e9occupation majeure qui touche environ 20% des futures mamans.","inLanguage":"fr-FR","potentialAction":[{"@type":"ReadAction","target":["https:\/\/assolaribambelle.fr\/blog\/articles\/ementale-femme-enceinte\/"]}]},{"@type":"ImageObject","inLanguage":"fr-FR","@id":"https:\/\/assolaribambelle.fr\/blog\/articles\/ementale-femme-enceinte\/#primaryimage","url":"https:\/\/images.pexels.com\/photos\/8032749\/pexels-photo-8032749.jpeg?auto=compress&cs=tinysrgb&fit=crop&h=627&w=1200","contentUrl":"https:\/\/images.pexels.com\/photos\/8032749\/pexels-photo-8032749.jpeg?auto=compress&cs=tinysrgb&fit=crop&h=627&w=1200"},{"@type":"WebSite","@id":"https:\/\/assolaribambelle.fr\/blog\/#website","url":"https:\/\/assolaribambelle.fr\/blog\/","name":"Asso La Ribambelle","description":"Activit\u00e9s cr\u00e9atives, jeux ludiques et conseils parents \u2014 par l asso La Ribambelle.","publisher":{"@id":"https:\/\/assolaribambelle.fr\/blog\/#organization"},"alternateName":"L\u2019innovation solaire \u00e0 votre port\u00e9e.","potentialAction":[{"@type":"SearchAction","target":{"@type":"EntryPoint","urlTemplate":"https:\/\/assolaribambelle.fr\/blog\/?s={search_term_string}"},"query-input":{"@type":"PropertyValueSpecification","valueRequired":true,"valueName":"search_term_string"}}],"inLanguage":"fr-FR"},{"@type":"Organization","@id":"https:\/\/assolaribambelle.fr\/blog\/#organization","name":"Asso La Ribambelle","alternateName":"La Ribambelle \u2014 Activit\u00e9s cr\u00e9atives enfants","url":"https:\/\/assolaribambelle.fr\/blog\/","logo":{"@type":"ImageObject","inLanguage":"fr-FR","@id":"https:\/\/assolaribambelle.fr\/blog\/#\/schema\/logo\/image\/","url":"https:\/\/assolaribambelle.fr\/blog\/wp-content\/uploads\/2024\/12\/4.png","contentUrl":"https:\/\/assolaribambelle.fr\/blog\/wp-content\/uploads\/2024\/12\/4.png","width":500,"height":500,"caption":"Asso La Ribambelle"},"image":{"@id":"https:\/\/assolaribambelle.fr\/blog\/#\/schema\/logo\/image\/"}},{"@type":"Person","@id":"https:\/\/assolaribambelle.fr\/blog\/#\/schema\/person\/3c864cdc320801e3db34b663e7e3f816","name":"Elodie Mazeau","image":{"@type":"ImageObject","inLanguage":"fr-FR","@id":"https:\/\/assolaribambelle.fr\/blog\/wp-content\/uploads\/2026\/06\/persona_elodie-m-96x96.jpg","url":"https:\/\/assolaribambelle.fr\/blog\/wp-content\/uploads\/2026\/06\/persona_elodie-m-96x96.jpg","contentUrl":"https:\/\/assolaribambelle.fr\/blog\/wp-content\/uploads\/2026\/06\/persona_elodie-m-96x96.jpg","caption":"Elodie Mazeau"},"description":"J'\u00e9cris sur la parentalit\u00e9 telle qu'elle se vit vraiment, du premier biberon aux premi\u00e8res col\u00e8res. Mes sujets de pr\u00e9dilection couvrent le quotidien des familles : sommeil, alimentation, organisation, pu\u00e9riculture et ces petites gal\u00e8res que tout parent conna\u00eet. Depuis plusieurs ann\u00e9es, je m'attache \u00e0 proposer des rep\u00e8res concrets plut\u00f4t que des le\u00e7ons, parce que chaque famille trouve son propre \u00e9quilibre. Je v\u00e9rifie mes informations aupr\u00e8s de sources fiables, surtout d\u00e8s qu'on touche \u00e0 la sant\u00e9 ou \u00e0 la s\u00e9curit\u00e9 de l'enfant, et je pr\u00e9cise quand un avis professionnel s'impose. J'\u00e9vite soigneusement la culpabilisation : \u00eatre parent est d\u00e9j\u00e0 assez exigeant. Mon ton se veut complice et bienveillant, un peu comme une discussion entre parents qui se comprennent. L'id\u00e9e est d'all\u00e9ger la charge mentale en donnant des solutions simples et test\u00e9es.","sameAs":["https:\/\/elodiemazeau.fr\/"],"url":"https:\/\/assolaribambelle.fr\/blog\/auteur\/noname\/"}]}},"_links":{"self":[{"href":"https:\/\/assolaribambelle.fr\/blog\/wp-json\/wp\/v2\/posts\/7933","targetHints":{"allow":["GET"]}}],"collection":[{"href":"https:\/\/assolaribambelle.fr\/blog\/wp-json\/wp\/v2\/posts"}],"about":[{"href":"https:\/\/assolaribambelle.fr\/blog\/wp-json\/wp\/v2\/types\/post"}],"author":[{"embeddable":true,"href":"https:\/\/assolaribambelle.fr\/blog\/wp-json\/wp\/v2\/users\/34"}],"replies":[{"embeddable":true,"href":"https:\/\/assolaribambelle.fr\/blog\/wp-json\/wp\/v2\/comments?post=7933"}],"version-history":[{"count":0,"href":"https:\/\/assolaribambelle.fr\/blog\/wp-json\/wp\/v2\/posts\/7933\/revisions"}],"wp:attachment":[{"href":"https:\/\/assolaribambelle.fr\/blog\/wp-json\/wp\/v2\/media?parent=7933"}],"wp:term":[{"taxonomy":"category","embeddable":true,"href":"https:\/\/assolaribambelle.fr\/blog\/wp-json\/wp\/v2\/categories?post=7933"},{"taxonomy":"post_tag","embeddable":true,"href":"https:\/\/assolaribambelle.fr\/blog\/wp-json\/wp\/v2\/tags?post=7933"}],"curies":[{"name":"wp","href":"https:\/\/api.w.org\/{rel}","templated":true}]}}