{"id":7936,"date":"2026-04-06T09:00:00","date_gmt":"2026-04-06T09:00:00","guid":{"rendered":"https:\/\/assolaribambelle.fr\/blog\/cuisine\/recette-bebe-brocoli\/"},"modified":"2026-04-06T09:00:00","modified_gmt":"2026-04-06T09:00:00","slug":"recette-bebe-brocoli","status":"publish","type":"post","link":"https:\/\/assolaribambelle.fr\/blog\/cuisine\/recette-bebe-brocoli\/","title":{"rendered":"Recette B\u00e9b\u00e9 Brocoli : Pur\u00e9e Saine 6 Mois+"},"content":{"rendered":"<p>Introduire le brocoli dans l\u2019alimentation de votre b\u00e9b\u00e9 est une excellente id\u00e9e, surtout \u00e0 partir de 6 mois. Ce l\u00e9gume crucif\u00e8re est riche en nutriments essentiels, tels que la vitamine C, le calcium et le fer, favorisant ainsi le d\u00e9veloppement sain de votre enfant. Voici une recette simple et saine pour pr\u00e9parer une pur\u00e9e de brocoli, parfaite pour initier votre b\u00e9b\u00e9 aux saveurs des l\u00e9gumes.<\/p>\n<h3>Les bienfaits du brocoli pour les b\u00e9b\u00e9s<\/h3>\n<p>Le brocoli est un aliment particuli\u00e8rement recommand\u00e9 pour les b\u00e9b\u00e9s. En plus d\u2019\u00eatre riche en vitamines et min\u00e9raux, il contient des fibres qui aident \u00e0 la digestion. Voici quelques avantages nutritionnels :<\/p>\n<ul>\n<li><strong>Vitamine C<\/strong> : Renforce le syst\u00e8me immunitaire.<\/li>\n<li><strong>Calcium<\/strong> : Essentiel pour le d\u00e9veloppement des os.<\/li>\n<li><strong>Fer<\/strong> : Contribue \u00e0 la formation des globules rouges.<\/li>\n<\/ul>\n<h3>Ingr\u00e9dients n\u00e9cessaires<\/h3>\n<p>Pour r\u00e9aliser cette pur\u00e9e de brocoli pour b\u00e9b\u00e9, vous aurez besoin des ingr\u00e9dients suivants :<\/p>\n<table class=\"kwdbank-table\">\n<thead>\n<tr>\n<th>Ingr\u00e9dients<\/th>\n<th>Quantit\u00e9<\/th>\n<\/tr>\n<\/thead>\n<tbody>\n<tr>\n<td>Brocoli frais<\/td>\n<td>200 g<\/td>\n<\/tr>\n<tr>\n<td>Eau<\/td>\n<td>100 ml<\/td>\n<\/tr>\n<tr>\n<td>Huile d\u2019olive (facultatif)<\/td>\n<td>1 cuill\u00e8re \u00e0 caf\u00e9<\/td>\n<\/tr>\n<\/tbody>\n<\/table>\n<h3>\u00c9tapes de pr\u00e9paration<\/h3>\n<ol>\n<li>\n<strong>Pr\u00e9paration du brocoli<\/strong> :<\/p>\n<ul>\n<li>Lavez soigneusement le brocoli sous l\u2019eau froide.<\/li>\n<li>Coupez-le en petits morceaux pour faciliter la cuisson.<\/li>\n<\/ul>\n<\/li>\n<li>\n<strong>Cuisson \u00e0 la vapeur<\/strong> :<\/p>\n<ul>\n<li>Placez les morceaux de brocoli dans un cuit-vapeur ou une casserole avec un peu d\u2019eau.<\/li>\n<li>Faites cuire pendant environ 10 minutes jusqu\u2019\u00e0 ce que le brocoli soit tendre.<\/li>\n<\/ul>\n<\/li>\n<li>\n<strong>Mixage<\/strong> :<\/p>\n<ul>\n<li>Transf\u00e9rez le brocoli cuit dans un mixeur.<\/li>\n<li>Ajoutez l\u2019eau de cuisson progressivement jusqu\u2019\u00e0 obtenir une texture lisse.<\/li>\n<li>Si souhait\u00e9, incorporez une cuill\u00e8re \u00e0 caf\u00e9 d\u2019huile d\u2019olive pour ajouter des acides gras essentiels.<\/li>\n<\/ul>\n<\/li>\n<li>\n<strong>Refroidissement et conservation<\/strong> :<\/p>\n<ul>\n<li>Laissez refroidir avant de servir.<\/li>\n<li>Vous pouvez conserver la pur\u00e9e dans un r\u00e9cipient herm\u00e9tique au r\u00e9frig\u00e9rateur pendant 2 jours ou congeler en portions.<\/li>\n<\/ul>\n<\/li>\n<\/ol>\n<h3>Pi\u00e8ge \u00e0 \u00e9viter<\/h3>\n<p>Ne pas trop saler la pur\u00e9e ! Pour les b\u00e9b\u00e9s, il est recommand\u00e9 d\u2019\u00e9viter l\u2019ajout de sel avant l\u2019\u00e2ge de 12 mois. Le go\u00fbt naturel du brocoli suffit \u00e0 \u00e9veiller leurs papilles sans ajout d\u2019assaisonnement.<\/p>\n<h3>Suggestions de pr\u00e9sentation<\/h3>\n<p>Pour rendre la pur\u00e9e encore plus attrayante :<\/p>\n<ul>\n<li>Ajoutez un peu de pommes de terre ou de carottes pour diversifier les saveurs et les couleurs.<\/li>\n<li>Servez avec un peu de viande ou poisson \u00e9cras\u00e9 pour compl\u00e9ter les prot\u00e9ines.<\/li>\n<\/ul>\n<h3>Id\u00e9es d\u2019accompagnement<\/h3>\n<p>Vous pouvez combiner cette pur\u00e9e avec d\u2019autres l\u00e9gumes ou c\u00e9r\u00e9ales. Voici quelques suggestions :<\/p>\n<ul>\n<li><strong>Pur\u00e9e de carottes<\/strong> : M\u00e9langez avec du brocoli pour une douceur suppl\u00e9mentaire.<\/li>\n<li><strong>C\u00e9r\u00e9ales infantiles<\/strong> : Ajoutez des flocons d\u2019avoine pour augmenter l\u2019apport en fibres.<\/li>\n<\/ul>\n<h3>FAQ<\/h3>\n<h4>\u00c0 quel \u00e2ge puis-je donner du brocoli \u00e0 mon b\u00e9b\u00e9 ?<\/h4>\n<p>Vous pouvez introduire le brocoli d\u00e8s 6 mois, lorsque votre b\u00e9b\u00e9 commence \u00e0 manger des aliments solides.<\/p>\n<h4>Comment savoir si mon b\u00e9b\u00e9 aime le brocoli ?<\/h4>\n<p>Proposez-lui plusieurs fois la pur\u00e9e ; il peut avoir besoin d\u2019un certain temps pour s\u2019habituer aux nouvelles saveurs.<\/p>\n<h4>Puis-je congeler la pur\u00e9e de brocoli ?<\/h4>\n<p>Oui, vous pouvez congeler la pur\u00e9e en portions. Elle se conserve jusqu\u2019\u00e0 trois mois au cong\u00e9lateur.<\/p>\n<h4>Quels autres l\u00e9gumes puis-je m\u00e9langer avec le brocoli ?<\/h4>\n<p>Des l\u00e9gumes comme la carotte, la courgette ou m\u00eame les petits pois se marient bien avec le brocoli.<\/p>\n<h4>La pur\u00e9e doit-elle \u00eatre lisse ?<\/h4>\n<p>Au d\u00e9but, privil\u00e9giez une texture tr\u00e8s lisse. Vous pourrez progressivement introduire des textures plus \u00e9paisses selon les pr\u00e9f\u00e9rences de votre b\u00e9b\u00e9.<\/p>\n<h4>Dois-je ajouter du sel ou des \u00e9pices ?<\/h4>\n<p>Il est conseill\u00e9 d\u2019\u00e9viter le sel et les \u00e9pices dans l\u2019alimentation des b\u00e9b\u00e9s avant 12 mois.<\/p>\n<p>Pr\u00e9parez cette recette simple et saine et offrez \u00e0 votre b\u00e9b\u00e9 une exp\u00e9rience gustative enrichissante !<\/p>\n","protected":false},"excerpt":{"rendered":"","protected":false},"author":34,"featured_media":999999999,"comment_status":"open","ping_status":"open","sticky":false,"template":"","format":"standard","meta":{"_acf_changed":false,"manual_indexmenow":false,"indexmenow_id_project":0,"footnotes":""},"categories":[5039],"tags":[],"class_list":["post-7936","post","type-post","status-publish","format-standard","has-post-thumbnail","hentry","category-cuisine","generate-columns","tablet-grid-50","mobile-grid-100","grid-parent","grid-25"],"acf":[],"yoast_head":"<!-- This site is optimized with the Yoast SEO Premium plugin v21.3 (Yoast SEO v27.3) - https:\/\/yoast.com\/product\/yoast-seo-premium-wordpress\/ -->\n<title>Recette B\u00e9b\u00e9 Brocoli : Pur\u00e9e Saine 6 Mois+<\/title>\n<meta name=\"description\" content=\"Introduire le brocoli dans l\u2019alimentation de votre b\u00e9b\u00e9 est une excellente id\u00e9e, surtout \u00e0 partir de 6 mois.\" \/>\n<meta name=\"robots\" content=\"index, follow, max-snippet:-1, max-image-preview:large, max-video-preview:-1\" \/>\n<link rel=\"canonical\" href=\"https:\/\/assolaribambelle.fr\/blog\/cuisine\/recette-bebe-brocoli\/\" \/>\n<meta property=\"og:locale\" content=\"fr_FR\" \/>\n<meta property=\"og:type\" content=\"article\" \/>\n<meta property=\"og:title\" content=\"Recette B\u00e9b\u00e9 Brocoli : Pur\u00e9e Saine 6 Mois+\" \/>\n<meta property=\"og:description\" content=\"Introduire le brocoli dans l\u2019alimentation de votre b\u00e9b\u00e9 est une excellente id\u00e9e, surtout \u00e0 partir de 6 mois.\" \/>\n<meta property=\"og:url\" content=\"https:\/\/assolaribambelle.fr\/blog\/cuisine\/recette-bebe-brocoli\/\" \/>\n<meta property=\"og:site_name\" content=\"Asso La Ribambelle\" \/>\n<meta name=\"author\" content=\"Elodie Mazeau\" \/>\n<meta name=\"twitter:card\" content=\"summary_large_image\" \/>\n<script type=\"application\/ld+json\" class=\"yoast-schema-graph\">{\"@context\":\"https:\\\/\\\/schema.org\",\"@graph\":[{\"@type\":\"NewsArticle\",\"@id\":\"https:\\\/\\\/assolaribambelle.fr\\\/blog\\\/cuisine\\\/recette-bebe-brocoli\\\/#article\",\"isPartOf\":{\"@id\":\"https:\\\/\\\/assolaribambelle.fr\\\/blog\\\/cuisine\\\/recette-bebe-brocoli\\\/\"},\"author\":{\"name\":\"Elodie Mazeau\",\"@id\":\"https:\\\/\\\/assolaribambelle.fr\\\/blog\\\/#\\\/schema\\\/person\\\/3c864cdc320801e3db34b663e7e3f816\"},\"headline\":\"Recette B\u00e9b\u00e9 Brocoli : Pur\u00e9e Saine 6 Mois+\",\"datePublished\":\"2026-04-06T09:00:00+00:00\",\"mainEntityOfPage\":{\"@id\":\"https:\\\/\\\/assolaribambelle.fr\\\/blog\\\/cuisine\\\/recette-bebe-brocoli\\\/\"},\"wordCount\":631,\"commentCount\":0,\"publisher\":{\"@id\":\"https:\\\/\\\/assolaribambelle.fr\\\/blog\\\/#organization\"},\"image\":{\"@id\":\"https:\\\/\\\/assolaribambelle.fr\\\/blog\\\/cuisine\\\/recette-bebe-brocoli\\\/#primaryimage\"},\"thumbnailUrl\":\"https:\\\/\\\/images.pexels.com\\\/photos\\\/6646159\\\/pexels-photo-6646159.jpeg?auto=compress&cs=tinysrgb&fit=crop&h=627&w=1200\",\"articleSection\":[\"Cuisine\"],\"inLanguage\":\"fr-FR\",\"potentialAction\":[{\"@type\":\"CommentAction\",\"name\":\"Comment\",\"target\":[\"https:\\\/\\\/assolaribambelle.fr\\\/blog\\\/cuisine\\\/recette-bebe-brocoli\\\/#respond\"]}]},{\"@type\":\"WebPage\",\"@id\":\"https:\\\/\\\/assolaribambelle.fr\\\/blog\\\/cuisine\\\/recette-bebe-brocoli\\\/\",\"url\":\"https:\\\/\\\/assolaribambelle.fr\\\/blog\\\/cuisine\\\/recette-bebe-brocoli\\\/\",\"name\":\"Recette B\u00e9b\u00e9 Brocoli : Pur\u00e9e Saine 6 Mois+\",\"isPartOf\":{\"@id\":\"https:\\\/\\\/assolaribambelle.fr\\\/blog\\\/#website\"},\"primaryImageOfPage\":{\"@id\":\"https:\\\/\\\/assolaribambelle.fr\\\/blog\\\/cuisine\\\/recette-bebe-brocoli\\\/#primaryimage\"},\"image\":{\"@id\":\"https:\\\/\\\/assolaribambelle.fr\\\/blog\\\/cuisine\\\/recette-bebe-brocoli\\\/#primaryimage\"},\"thumbnailUrl\":\"https:\\\/\\\/images.pexels.com\\\/photos\\\/6646159\\\/pexels-photo-6646159.jpeg?auto=compress&cs=tinysrgb&fit=crop&h=627&w=1200\",\"datePublished\":\"2026-04-06T09:00:00+00:00\",\"description\":\"Introduire le brocoli dans l\u2019alimentation de votre b\u00e9b\u00e9 est une excellente id\u00e9e, surtout \u00e0 partir de 6 mois.\",\"inLanguage\":\"fr-FR\",\"potentialAction\":[{\"@type\":\"ReadAction\",\"target\":[\"https:\\\/\\\/assolaribambelle.fr\\\/blog\\\/cuisine\\\/recette-bebe-brocoli\\\/\"]}]},{\"@type\":\"ImageObject\",\"inLanguage\":\"fr-FR\",\"@id\":\"https:\\\/\\\/assolaribambelle.fr\\\/blog\\\/cuisine\\\/recette-bebe-brocoli\\\/#primaryimage\",\"url\":\"https:\\\/\\\/images.pexels.com\\\/photos\\\/6646159\\\/pexels-photo-6646159.jpeg?auto=compress&cs=tinysrgb&fit=crop&h=627&w=1200\",\"contentUrl\":\"https:\\\/\\\/images.pexels.com\\\/photos\\\/6646159\\\/pexels-photo-6646159.jpeg?auto=compress&cs=tinysrgb&fit=crop&h=627&w=1200\"},{\"@type\":\"WebSite\",\"@id\":\"https:\\\/\\\/assolaribambelle.fr\\\/blog\\\/#website\",\"url\":\"https:\\\/\\\/assolaribambelle.fr\\\/blog\\\/\",\"name\":\"Asso La Ribambelle\",\"description\":\"Activit\u00e9s cr\u00e9atives, jeux ludiques et conseils parents \u2014 par l asso La Ribambelle.\",\"publisher\":{\"@id\":\"https:\\\/\\\/assolaribambelle.fr\\\/blog\\\/#organization\"},\"alternateName\":\"L\u2019innovation solaire \u00e0 votre port\u00e9e.\",\"potentialAction\":[{\"@type\":\"SearchAction\",\"target\":{\"@type\":\"EntryPoint\",\"urlTemplate\":\"https:\\\/\\\/assolaribambelle.fr\\\/blog\\\/?s={search_term_string}\"},\"query-input\":{\"@type\":\"PropertyValueSpecification\",\"valueRequired\":true,\"valueName\":\"search_term_string\"}}],\"inLanguage\":\"fr-FR\"},{\"@type\":\"Organization\",\"@id\":\"https:\\\/\\\/assolaribambelle.fr\\\/blog\\\/#organization\",\"name\":\"Asso La Ribambelle\",\"alternateName\":\"La Ribambelle \u2014 Activit\u00e9s cr\u00e9atives enfants\",\"url\":\"https:\\\/\\\/assolaribambelle.fr\\\/blog\\\/\",\"logo\":{\"@type\":\"ImageObject\",\"inLanguage\":\"fr-FR\",\"@id\":\"https:\\\/\\\/assolaribambelle.fr\\\/blog\\\/#\\\/schema\\\/logo\\\/image\\\/\",\"url\":\"https:\\\/\\\/assolaribambelle.fr\\\/blog\\\/wp-content\\\/uploads\\\/2024\\\/12\\\/4.png\",\"contentUrl\":\"https:\\\/\\\/assolaribambelle.fr\\\/blog\\\/wp-content\\\/uploads\\\/2024\\\/12\\\/4.png\",\"width\":500,\"height\":500,\"caption\":\"Asso La Ribambelle\"},\"image\":{\"@id\":\"https:\\\/\\\/assolaribambelle.fr\\\/blog\\\/#\\\/schema\\\/logo\\\/image\\\/\"}},{\"@type\":\"Person\",\"@id\":\"https:\\\/\\\/assolaribambelle.fr\\\/blog\\\/#\\\/schema\\\/person\\\/3c864cdc320801e3db34b663e7e3f816\",\"name\":\"Elodie Mazeau\",\"image\":{\"@type\":\"ImageObject\",\"inLanguage\":\"fr-FR\",\"@id\":\"https:\\\/\\\/assolaribambelle.fr\\\/blog\\\/wp-content\\\/uploads\\\/2026\\\/06\\\/persona_elodie-m-96x96.jpg\",\"url\":\"https:\\\/\\\/assolaribambelle.fr\\\/blog\\\/wp-content\\\/uploads\\\/2026\\\/06\\\/persona_elodie-m-96x96.jpg\",\"contentUrl\":\"https:\\\/\\\/assolaribambelle.fr\\\/blog\\\/wp-content\\\/uploads\\\/2026\\\/06\\\/persona_elodie-m-96x96.jpg\",\"caption\":\"Elodie Mazeau\"},\"description\":\"J'\u00e9cris sur la parentalit\u00e9 telle qu'elle se vit vraiment, du premier biberon aux premi\u00e8res col\u00e8res. Mes sujets de pr\u00e9dilection couvrent le quotidien des familles : sommeil, alimentation, organisation, pu\u00e9riculture et ces petites gal\u00e8res que tout parent conna\u00eet. Depuis plusieurs ann\u00e9es, je m'attache \u00e0 proposer des rep\u00e8res concrets plut\u00f4t que des le\u00e7ons, parce que chaque famille trouve son propre \u00e9quilibre. Je v\u00e9rifie mes informations aupr\u00e8s de sources fiables, surtout d\u00e8s qu'on touche \u00e0 la sant\u00e9 ou \u00e0 la s\u00e9curit\u00e9 de l'enfant, et je pr\u00e9cise quand un avis professionnel s'impose. J'\u00e9vite soigneusement la culpabilisation : \u00eatre parent est d\u00e9j\u00e0 assez exigeant. Mon ton se veut complice et bienveillant, un peu comme une discussion entre parents qui se comprennent. L'id\u00e9e est d'all\u00e9ger la charge mentale en donnant des solutions simples et test\u00e9es.\",\"sameAs\":[\"https:\\\/\\\/elodiemazeau.fr\\\/\"],\"url\":\"https:\\\/\\\/assolaribambelle.fr\\\/blog\\\/auteur\\\/noname\\\/\"}]}<\/script>\n<!-- \/ Yoast SEO Premium plugin. -->","yoast_head_json":{"title":"Recette B\u00e9b\u00e9 Brocoli : Pur\u00e9e Saine 6 Mois+","description":"Introduire le brocoli dans l\u2019alimentation de votre b\u00e9b\u00e9 est une excellente id\u00e9e, surtout \u00e0 partir de 6 mois.","robots":{"index":"index","follow":"follow","max-snippet":"max-snippet:-1","max-image-preview":"max-image-preview:large","max-video-preview":"max-video-preview:-1"},"canonical":"https:\/\/assolaribambelle.fr\/blog\/cuisine\/recette-bebe-brocoli\/","og_locale":"fr_FR","og_type":"article","og_title":"Recette B\u00e9b\u00e9 Brocoli : Pur\u00e9e Saine 6 Mois+","og_description":"Introduire le brocoli dans l\u2019alimentation de votre b\u00e9b\u00e9 est une excellente id\u00e9e, surtout \u00e0 partir de 6 mois.","og_url":"https:\/\/assolaribambelle.fr\/blog\/cuisine\/recette-bebe-brocoli\/","og_site_name":"Asso La Ribambelle","author":"Elodie Mazeau","twitter_card":"summary_large_image","schema":{"@context":"https:\/\/schema.org","@graph":[{"@type":"NewsArticle","@id":"https:\/\/assolaribambelle.fr\/blog\/cuisine\/recette-bebe-brocoli\/#article","isPartOf":{"@id":"https:\/\/assolaribambelle.fr\/blog\/cuisine\/recette-bebe-brocoli\/"},"author":{"name":"Elodie Mazeau","@id":"https:\/\/assolaribambelle.fr\/blog\/#\/schema\/person\/3c864cdc320801e3db34b663e7e3f816"},"headline":"Recette B\u00e9b\u00e9 Brocoli : Pur\u00e9e Saine 6 Mois+","datePublished":"2026-04-06T09:00:00+00:00","mainEntityOfPage":{"@id":"https:\/\/assolaribambelle.fr\/blog\/cuisine\/recette-bebe-brocoli\/"},"wordCount":631,"commentCount":0,"publisher":{"@id":"https:\/\/assolaribambelle.fr\/blog\/#organization"},"image":{"@id":"https:\/\/assolaribambelle.fr\/blog\/cuisine\/recette-bebe-brocoli\/#primaryimage"},"thumbnailUrl":"https:\/\/images.pexels.com\/photos\/6646159\/pexels-photo-6646159.jpeg?auto=compress&cs=tinysrgb&fit=crop&h=627&w=1200","articleSection":["Cuisine"],"inLanguage":"fr-FR","potentialAction":[{"@type":"CommentAction","name":"Comment","target":["https:\/\/assolaribambelle.fr\/blog\/cuisine\/recette-bebe-brocoli\/#respond"]}]},{"@type":"WebPage","@id":"https:\/\/assolaribambelle.fr\/blog\/cuisine\/recette-bebe-brocoli\/","url":"https:\/\/assolaribambelle.fr\/blog\/cuisine\/recette-bebe-brocoli\/","name":"Recette B\u00e9b\u00e9 Brocoli : Pur\u00e9e Saine 6 Mois+","isPartOf":{"@id":"https:\/\/assolaribambelle.fr\/blog\/#website"},"primaryImageOfPage":{"@id":"https:\/\/assolaribambelle.fr\/blog\/cuisine\/recette-bebe-brocoli\/#primaryimage"},"image":{"@id":"https:\/\/assolaribambelle.fr\/blog\/cuisine\/recette-bebe-brocoli\/#primaryimage"},"thumbnailUrl":"https:\/\/images.pexels.com\/photos\/6646159\/pexels-photo-6646159.jpeg?auto=compress&cs=tinysrgb&fit=crop&h=627&w=1200","datePublished":"2026-04-06T09:00:00+00:00","description":"Introduire le brocoli dans l\u2019alimentation de votre b\u00e9b\u00e9 est une excellente id\u00e9e, surtout \u00e0 partir de 6 mois.","inLanguage":"fr-FR","potentialAction":[{"@type":"ReadAction","target":["https:\/\/assolaribambelle.fr\/blog\/cuisine\/recette-bebe-brocoli\/"]}]},{"@type":"ImageObject","inLanguage":"fr-FR","@id":"https:\/\/assolaribambelle.fr\/blog\/cuisine\/recette-bebe-brocoli\/#primaryimage","url":"https:\/\/images.pexels.com\/photos\/6646159\/pexels-photo-6646159.jpeg?auto=compress&cs=tinysrgb&fit=crop&h=627&w=1200","contentUrl":"https:\/\/images.pexels.com\/photos\/6646159\/pexels-photo-6646159.jpeg?auto=compress&cs=tinysrgb&fit=crop&h=627&w=1200"},{"@type":"WebSite","@id":"https:\/\/assolaribambelle.fr\/blog\/#website","url":"https:\/\/assolaribambelle.fr\/blog\/","name":"Asso La Ribambelle","description":"Activit\u00e9s cr\u00e9atives, jeux ludiques et conseils parents \u2014 par l asso La Ribambelle.","publisher":{"@id":"https:\/\/assolaribambelle.fr\/blog\/#organization"},"alternateName":"L\u2019innovation solaire \u00e0 votre port\u00e9e.","potentialAction":[{"@type":"SearchAction","target":{"@type":"EntryPoint","urlTemplate":"https:\/\/assolaribambelle.fr\/blog\/?s={search_term_string}"},"query-input":{"@type":"PropertyValueSpecification","valueRequired":true,"valueName":"search_term_string"}}],"inLanguage":"fr-FR"},{"@type":"Organization","@id":"https:\/\/assolaribambelle.fr\/blog\/#organization","name":"Asso La Ribambelle","alternateName":"La Ribambelle \u2014 Activit\u00e9s cr\u00e9atives enfants","url":"https:\/\/assolaribambelle.fr\/blog\/","logo":{"@type":"ImageObject","inLanguage":"fr-FR","@id":"https:\/\/assolaribambelle.fr\/blog\/#\/schema\/logo\/image\/","url":"https:\/\/assolaribambelle.fr\/blog\/wp-content\/uploads\/2024\/12\/4.png","contentUrl":"https:\/\/assolaribambelle.fr\/blog\/wp-content\/uploads\/2024\/12\/4.png","width":500,"height":500,"caption":"Asso La Ribambelle"},"image":{"@id":"https:\/\/assolaribambelle.fr\/blog\/#\/schema\/logo\/image\/"}},{"@type":"Person","@id":"https:\/\/assolaribambelle.fr\/blog\/#\/schema\/person\/3c864cdc320801e3db34b663e7e3f816","name":"Elodie Mazeau","image":{"@type":"ImageObject","inLanguage":"fr-FR","@id":"https:\/\/assolaribambelle.fr\/blog\/wp-content\/uploads\/2026\/06\/persona_elodie-m-96x96.jpg","url":"https:\/\/assolaribambelle.fr\/blog\/wp-content\/uploads\/2026\/06\/persona_elodie-m-96x96.jpg","contentUrl":"https:\/\/assolaribambelle.fr\/blog\/wp-content\/uploads\/2026\/06\/persona_elodie-m-96x96.jpg","caption":"Elodie Mazeau"},"description":"J'\u00e9cris sur la parentalit\u00e9 telle qu'elle se vit vraiment, du premier biberon aux premi\u00e8res col\u00e8res. Mes sujets de pr\u00e9dilection couvrent le quotidien des familles : sommeil, alimentation, organisation, pu\u00e9riculture et ces petites gal\u00e8res que tout parent conna\u00eet. Depuis plusieurs ann\u00e9es, je m'attache \u00e0 proposer des rep\u00e8res concrets plut\u00f4t que des le\u00e7ons, parce que chaque famille trouve son propre \u00e9quilibre. Je v\u00e9rifie mes informations aupr\u00e8s de sources fiables, surtout d\u00e8s qu'on touche \u00e0 la sant\u00e9 ou \u00e0 la s\u00e9curit\u00e9 de l'enfant, et je pr\u00e9cise quand un avis professionnel s'impose. J'\u00e9vite soigneusement la culpabilisation : \u00eatre parent est d\u00e9j\u00e0 assez exigeant. Mon ton se veut complice et bienveillant, un peu comme une discussion entre parents qui se comprennent. L'id\u00e9e est d'all\u00e9ger la charge mentale en donnant des solutions simples et test\u00e9es.","sameAs":["https:\/\/elodiemazeau.fr\/"],"url":"https:\/\/assolaribambelle.fr\/blog\/auteur\/noname\/"}]}},"_links":{"self":[{"href":"https:\/\/assolaribambelle.fr\/blog\/wp-json\/wp\/v2\/posts\/7936","targetHints":{"allow":["GET"]}}],"collection":[{"href":"https:\/\/assolaribambelle.fr\/blog\/wp-json\/wp\/v2\/posts"}],"about":[{"href":"https:\/\/assolaribambelle.fr\/blog\/wp-json\/wp\/v2\/types\/post"}],"author":[{"embeddable":true,"href":"https:\/\/assolaribambelle.fr\/blog\/wp-json\/wp\/v2\/users\/34"}],"replies":[{"embeddable":true,"href":"https:\/\/assolaribambelle.fr\/blog\/wp-json\/wp\/v2\/comments?post=7936"}],"version-history":[{"count":0,"href":"https:\/\/assolaribambelle.fr\/blog\/wp-json\/wp\/v2\/posts\/7936\/revisions"}],"wp:attachment":[{"href":"https:\/\/assolaribambelle.fr\/blog\/wp-json\/wp\/v2\/media?parent=7936"}],"wp:term":[{"taxonomy":"category","embeddable":true,"href":"https:\/\/assolaribambelle.fr\/blog\/wp-json\/wp\/v2\/categories?post=7936"},{"taxonomy":"post_tag","embeddable":true,"href":"https:\/\/assolaribambelle.fr\/blog\/wp-json\/wp\/v2\/tags?post=7936"}],"curies":[{"name":"wp","href":"https:\/\/api.w.org\/{rel}","templated":true}]}}