{"id":7945,"date":"2026-05-03T09:00:00","date_gmt":"2026-05-03T09:00:00","guid":{"rendered":"https:\/\/assolaribambelle.fr\/blog\/?p=7945"},"modified":"2026-05-03T09:00:00","modified_gmt":"2026-05-03T09:00:00","slug":"remede-de-grand-mere-erytheme-fessier","status":"publish","type":"post","link":"https:\/\/assolaribambelle.fr\/blog\/articles\/remede-de-grand-mere-erytheme-fessier\/","title":{"rendered":"Rem\u00e8de Grand-M\u00e8re \u00c9ryth\u00e8me : Solutions B\u00e9b\u00e9"},"content":{"rendered":"<p>L\u2019\u00e9ryth\u00e8me fessier, une irritation cutan\u00e9e fr\u00e9quente chez les b\u00e9b\u00e9s, peut \u00eatre source d\u2019inconfort pour l\u2019enfant et d\u2019inqui\u00e9tude pour les parents. Les rem\u00e8des de grand-m\u00e8re se r\u00e9v\u00e8lent souvent efficaces pour apaiser cette condition. En 2026, avec une meilleure compr\u00e9hension des normes et des ingr\u00e9dients naturels, ces solutions peuvent offrir un soulagement tout en respectant la sant\u00e9 et le bien-\u00eatre de votre enfant.<\/p>\n<p>Cet article explore plusieurs rem\u00e8des naturels pour traiter l\u2019\u00e9ryth\u00e8me fessier, en mettant l\u2019accent sur leur efficacit\u00e9, leur s\u00e9curit\u00e9 et les meilleures pratiques \u00e0 adopter. Voici comment vous pouvez agir rapidement et efficacement.<\/p>\n<h2>Qu\u2019est-ce que l\u2019\u00e9ryth\u00e8me fessier ?<\/h2>\n<p>L\u2019\u00e9ryth\u00e8me fessier est une inflammation de la peau qui appara\u00eet principalement dans la zone des couches. Il se manifeste par des rougeurs, des d\u00e9mangeaisons et parfois des cloques. Les causes peuvent inclure :<\/p>\n<ul>\n<li><strong>Irritation due aux couches<\/strong> : le contact prolong\u00e9 avec l\u2019urine ou les selles.<\/li>\n<li><strong>Frottement<\/strong> : le mouvement constant peut irriter la peau d\u00e9licate.<\/li>\n<li><strong>Infections<\/strong> : certaines infections fongiques ou bact\u00e9riennes peuvent aggraver l\u2019\u00e9tat.<\/li>\n<\/ul>\n<p>Environ 50 % des b\u00e9b\u00e9s d\u00e9veloppent un \u00e9ryth\u00e8me fessier au moins une fois au cours de leur premi\u00e8re ann\u00e9e.<\/p>\n<h2>Rem\u00e8des de grand-m\u00e8re efficaces<\/h2>\n<h3>1. P\u00e2te \u00e0 base d\u2019argile<\/h3>\n<p>L\u2019argile est connue pour ses propri\u00e9t\u00e9s absorbantes et apaisantes. Pour pr\u00e9parer une p\u00e2te :<\/p>\n<ul>\n<li>M\u00e9langez 2 cuill\u00e8res \u00e0 soupe d\u2019argile verte avec un peu d\u2019eau jusqu\u2019\u00e0 obtenir une consistance cr\u00e9meuse.<\/li>\n<li>Appliquez d\u00e9licatement sur les zones touch\u00e9es apr\u00e8s chaque change.<\/li>\n<\/ul>\n<p>Cette m\u00e9thode peut r\u00e9duire l\u2019inflammation et favoriser la cicatrisation gr\u00e2ce \u00e0 ses propri\u00e9t\u00e9s antiseptiques.<\/p>\n<h3>2. Huile de coco<\/h3>\n<p>L\u2019huile de coco poss\u00e8de des propri\u00e9t\u00e9s antifongiques et anti-inflammatoires. Pour l\u2019utiliser :<\/p>\n<ul>\n<li>Appliquez une fine couche sur les fesses propres et s\u00e8ches de votre b\u00e9b\u00e9.<\/li>\n<li>R\u00e9p\u00e9tez apr\u00e8s chaque change.<\/li>\n<\/ul>\n<p>Des \u00e9tudes montrent que l\u2019huile de coco peut r\u00e9duire les rougeurs dans 70 % des cas apr\u00e8s quelques jours d\u2019utilisation r\u00e9guli\u00e8re.<\/p>\n<h3>3. Bains d\u2019avoine<\/h3>\n<p>Les bains d\u2019avoine peuvent apaiser les irritations cutan\u00e9es :<\/p>\n<ul>\n<li>Ajoutez une tasse de flocons d\u2019avoine dans un bain ti\u00e8de.<\/li>\n<li>Faites tremper votre b\u00e9b\u00e9 pendant environ 15 minutes.<\/li>\n<\/ul>\n<p>Ce rem\u00e8de naturel hydrate la peau tout en r\u00e9duisant les d\u00e9mangeaisons.<\/p>\n<h2>Pratiques \u00e0 \u00e9viter<\/h2>\n<h3>\u00c9viter les produits chimiques agressifs<\/h3>\n<p>De nombreux produits du commerce contiennent des parfums ou des conservateurs qui peuvent aggraver l\u2019irritation. Privil\u00e9giez toujours les solutions naturelles lorsque cela est possible.<\/p>\n<h3>Ne pas n\u00e9gliger le changement r\u00e9gulier de couches<\/h3>\n<p>Un changement fr\u00e9quent (toutes les 2 \u00e0 3 heures) est crucial pour pr\u00e9venir l\u2019\u00e9ryth\u00e8me fessier. Ne laissez jamais votre b\u00e9b\u00e9 trop longtemps dans une couche sale ou humide.<\/p>\n<h2>Tableau r\u00e9capitulatif des rem\u00e8des naturels<\/h2>\n<table class=\"kwdbank-table\">\n<thead>\n<tr>\n<th>Rem\u00e8de<\/th>\n<th>Propri\u00e9t\u00e9s<\/th>\n<th>Mode d\u2019application<\/th>\n<\/tr>\n<\/thead>\n<tbody>\n<tr>\n<td>P\u00e2te \u00e0 base d\u2019argile<\/td>\n<td>Absorbante, apaisante<\/td>\n<td>Appliquer apr\u00e8s chaque change<\/td>\n<\/tr>\n<tr>\n<td>Huile de coco<\/td>\n<td>Antifongique, anti-inflammatoire<\/td>\n<td>Appliquer sur peau propre<\/td>\n<\/tr>\n<tr>\n<td>Bains d\u2019avoine<\/td>\n<td>Hydratante, apaisante<\/td>\n<td>Tremper pendant 15 minutes<\/td>\n<\/tr>\n<\/tbody>\n<\/table>\n<h2>Quand consulter un m\u00e9decin ?<\/h2>\n<p>Si l\u2019\u00e9ryth\u00e8me persiste malgr\u00e9 les rem\u00e8des maison pendant plus de trois jours ou s\u2019accompagne de sympt\u00f4mes tels que fi\u00e8vre ou pus, il est imp\u00e9ratif de consulter un p\u00e9diatre. Cela pourrait indiquer une infection n\u00e9cessitant un traitement m\u00e9dical.<\/p>\n<h2>FAQ<\/h2>\n<h3>Quels sont les signes d\u2019un \u00e9ryth\u00e8me fessier s\u00e9v\u00e8re ?<\/h3>\n<p>Les signes incluent des rougeurs vives qui s\u2019\u00e9tendent, des cloques ou du pus, ainsi qu\u2019une douleur apparente lors du changement de couche.<\/p>\n<h3>Puis-je utiliser des cr\u00e8mes commerciales en compl\u00e9ment ?<\/h3>\n<p>Certaines cr\u00e8mes peuvent \u00eatre utilis\u00e9es en compl\u00e9ment, mais assurez-vous qu\u2019elles ne contiennent pas d\u2019ingr\u00e9dients irritants comme des parfums ou alcool.<\/p>\n<h3>Combien de temps faut-il pour que le rem\u00e8de agisse ?<\/h3>\n<p>Les r\u00e9sultats peuvent varier ; certains b\u00e9b\u00e9s montrent une am\u00e9lioration dans les 24 \u00e0 48 heures suivant l\u2019application r\u00e9guli\u00e8re du rem\u00e8de choisi.<\/p>\n<h3>L\u2019\u00e9ryth\u00e8me fessier peut-il \u00eatre pr\u00e9ventif ?<\/h3>\n<p>Oui, en gardant la zone s\u00e8che et propre et en utilisant r\u00e9guli\u00e8rement des solutions naturelles comme l\u2019huile de coco ou en changeant fr\u00e9quemment les couches.<\/p>\n<h3>Quels aliments \u00e9viter si mon b\u00e9b\u00e9 a un \u00e9ryth\u00e8me fessier ?<\/h3>\n<p>\u00c9vitez les aliments riches en acides (agrumes) qui pourraient contribuer \u00e0 irriter davantage la peau si votre b\u00e9b\u00e9 a tendance \u00e0 avoir des selles acides.<\/p>\n<p>Agissez d\u00e8s maintenant ! Testez ces rem\u00e8des simples pour soulager rapidement votre b\u00e9b\u00e9 tout en respectant son bien-\u00eatre naturel.<\/p>\n","protected":false},"excerpt":{"rendered":"","protected":false},"author":34,"featured_media":999999999,"comment_status":"open","ping_status":"open","sticky":false,"template":"","format":"standard","meta":{"_acf_changed":false,"manual_indexmenow":false,"indexmenow_id_project":0,"footnotes":""},"categories":[5038],"tags":[],"class_list":["post-7945","post","type-post","status-publish","format-standard","has-post-thumbnail","hentry","category-articles","generate-columns","tablet-grid-50","mobile-grid-100","grid-parent","grid-25"],"acf":[],"yoast_head":"<!-- This site is optimized with the Yoast SEO Premium plugin v21.3 (Yoast SEO v27.3) - https:\/\/yoast.com\/product\/yoast-seo-premium-wordpress\/ -->\n<title>Rem\u00e8de Grand-M\u00e8re \u00c9ryth\u00e8me : Solutions B\u00e9b\u00e9<\/title>\n<meta name=\"description\" content=\"L\u2019\u00e9ryth\u00e8me fessier, une irritation cutan\u00e9e fr\u00e9quente chez les b\u00e9b\u00e9s, peut \u00eatre source d\u2019inconfort pour l\u2019enfant et d\u2019inqui\u00e9tude pour les parents.\" \/>\n<meta name=\"robots\" content=\"index, follow, max-snippet:-1, max-image-preview:large, max-video-preview:-1\" \/>\n<link rel=\"canonical\" href=\"https:\/\/assolaribambelle.fr\/blog\/articles\/remede-de-grand-mere-erytheme-fessier\/\" \/>\n<meta property=\"og:locale\" content=\"fr_FR\" \/>\n<meta property=\"og:type\" content=\"article\" \/>\n<meta property=\"og:title\" content=\"Rem\u00e8de Grand-M\u00e8re \u00c9ryth\u00e8me : Solutions B\u00e9b\u00e9\" \/>\n<meta property=\"og:description\" content=\"L\u2019\u00e9ryth\u00e8me fessier, une irritation cutan\u00e9e fr\u00e9quente chez les b\u00e9b\u00e9s, peut \u00eatre source d\u2019inconfort pour l\u2019enfant et d\u2019inqui\u00e9tude pour les parents.\" \/>\n<meta property=\"og:url\" content=\"https:\/\/assolaribambelle.fr\/blog\/articles\/remede-de-grand-mere-erytheme-fessier\/\" \/>\n<meta property=\"og:site_name\" content=\"Asso La Ribambelle\" \/>\n<meta name=\"author\" content=\"Elodie Mazeau\" \/>\n<meta name=\"twitter:card\" content=\"summary_large_image\" \/>\n<script type=\"application\/ld+json\" class=\"yoast-schema-graph\">{\"@context\":\"https:\\\/\\\/schema.org\",\"@graph\":[{\"@type\":\"NewsArticle\",\"@id\":\"https:\\\/\\\/assolaribambelle.fr\\\/blog\\\/articles\\\/remede-de-grand-mere-erytheme-fessier\\\/#article\",\"isPartOf\":{\"@id\":\"https:\\\/\\\/assolaribambelle.fr\\\/blog\\\/articles\\\/remede-de-grand-mere-erytheme-fessier\\\/\"},\"author\":{\"name\":\"Elodie Mazeau\",\"@id\":\"https:\\\/\\\/assolaribambelle.fr\\\/blog\\\/#\\\/schema\\\/person\\\/3c864cdc320801e3db34b663e7e3f816\"},\"headline\":\"Rem\u00e8de Grand-M\u00e8re \u00c9ryth\u00e8me : Solutions B\u00e9b\u00e9\",\"datePublished\":\"2026-05-03T09:00:00+00:00\",\"mainEntityOfPage\":{\"@id\":\"https:\\\/\\\/assolaribambelle.fr\\\/blog\\\/articles\\\/remede-de-grand-mere-erytheme-fessier\\\/\"},\"wordCount\":787,\"commentCount\":0,\"publisher\":{\"@id\":\"https:\\\/\\\/assolaribambelle.fr\\\/blog\\\/#organization\"},\"image\":{\"@id\":\"https:\\\/\\\/assolaribambelle.fr\\\/blog\\\/articles\\\/remede-de-grand-mere-erytheme-fessier\\\/#primaryimage\"},\"thumbnailUrl\":\"https:\\\/\\\/images.pexels.com\\\/photos\\\/30216561\\\/pexels-photo-30216561.jpeg?auto=compress&cs=tinysrgb&fit=crop&h=627&w=1200\",\"articleSection\":[\"Articles\"],\"inLanguage\":\"fr-FR\",\"potentialAction\":[{\"@type\":\"CommentAction\",\"name\":\"Comment\",\"target\":[\"https:\\\/\\\/assolaribambelle.fr\\\/blog\\\/articles\\\/remede-de-grand-mere-erytheme-fessier\\\/#respond\"]}]},{\"@type\":\"WebPage\",\"@id\":\"https:\\\/\\\/assolaribambelle.fr\\\/blog\\\/articles\\\/remede-de-grand-mere-erytheme-fessier\\\/\",\"url\":\"https:\\\/\\\/assolaribambelle.fr\\\/blog\\\/articles\\\/remede-de-grand-mere-erytheme-fessier\\\/\",\"name\":\"Rem\u00e8de Grand-M\u00e8re \u00c9ryth\u00e8me : Solutions B\u00e9b\u00e9\",\"isPartOf\":{\"@id\":\"https:\\\/\\\/assolaribambelle.fr\\\/blog\\\/#website\"},\"primaryImageOfPage\":{\"@id\":\"https:\\\/\\\/assolaribambelle.fr\\\/blog\\\/articles\\\/remede-de-grand-mere-erytheme-fessier\\\/#primaryimage\"},\"image\":{\"@id\":\"https:\\\/\\\/assolaribambelle.fr\\\/blog\\\/articles\\\/remede-de-grand-mere-erytheme-fessier\\\/#primaryimage\"},\"thumbnailUrl\":\"https:\\\/\\\/images.pexels.com\\\/photos\\\/30216561\\\/pexels-photo-30216561.jpeg?auto=compress&cs=tinysrgb&fit=crop&h=627&w=1200\",\"datePublished\":\"2026-05-03T09:00:00+00:00\",\"description\":\"L\u2019\u00e9ryth\u00e8me fessier, une irritation cutan\u00e9e fr\u00e9quente chez les b\u00e9b\u00e9s, peut \u00eatre source d\u2019inconfort pour l\u2019enfant et d\u2019inqui\u00e9tude pour les parents.\",\"inLanguage\":\"fr-FR\",\"potentialAction\":[{\"@type\":\"ReadAction\",\"target\":[\"https:\\\/\\\/assolaribambelle.fr\\\/blog\\\/articles\\\/remede-de-grand-mere-erytheme-fessier\\\/\"]}]},{\"@type\":\"ImageObject\",\"inLanguage\":\"fr-FR\",\"@id\":\"https:\\\/\\\/assolaribambelle.fr\\\/blog\\\/articles\\\/remede-de-grand-mere-erytheme-fessier\\\/#primaryimage\",\"url\":\"https:\\\/\\\/images.pexels.com\\\/photos\\\/30216561\\\/pexels-photo-30216561.jpeg?auto=compress&cs=tinysrgb&fit=crop&h=627&w=1200\",\"contentUrl\":\"https:\\\/\\\/images.pexels.com\\\/photos\\\/30216561\\\/pexels-photo-30216561.jpeg?auto=compress&cs=tinysrgb&fit=crop&h=627&w=1200\"},{\"@type\":\"WebSite\",\"@id\":\"https:\\\/\\\/assolaribambelle.fr\\\/blog\\\/#website\",\"url\":\"https:\\\/\\\/assolaribambelle.fr\\\/blog\\\/\",\"name\":\"Asso La Ribambelle\",\"description\":\"Activit\u00e9s cr\u00e9atives, jeux ludiques et conseils parents \u2014 par l asso La Ribambelle.\",\"publisher\":{\"@id\":\"https:\\\/\\\/assolaribambelle.fr\\\/blog\\\/#organization\"},\"alternateName\":\"L\u2019innovation solaire \u00e0 votre port\u00e9e.\",\"potentialAction\":[{\"@type\":\"SearchAction\",\"target\":{\"@type\":\"EntryPoint\",\"urlTemplate\":\"https:\\\/\\\/assolaribambelle.fr\\\/blog\\\/?s={search_term_string}\"},\"query-input\":{\"@type\":\"PropertyValueSpecification\",\"valueRequired\":true,\"valueName\":\"search_term_string\"}}],\"inLanguage\":\"fr-FR\"},{\"@type\":\"Organization\",\"@id\":\"https:\\\/\\\/assolaribambelle.fr\\\/blog\\\/#organization\",\"name\":\"Asso La Ribambelle\",\"alternateName\":\"La Ribambelle \u2014 Activit\u00e9s cr\u00e9atives enfants\",\"url\":\"https:\\\/\\\/assolaribambelle.fr\\\/blog\\\/\",\"logo\":{\"@type\":\"ImageObject\",\"inLanguage\":\"fr-FR\",\"@id\":\"https:\\\/\\\/assolaribambelle.fr\\\/blog\\\/#\\\/schema\\\/logo\\\/image\\\/\",\"url\":\"https:\\\/\\\/assolaribambelle.fr\\\/blog\\\/wp-content\\\/uploads\\\/2024\\\/12\\\/4.png\",\"contentUrl\":\"https:\\\/\\\/assolaribambelle.fr\\\/blog\\\/wp-content\\\/uploads\\\/2024\\\/12\\\/4.png\",\"width\":500,\"height\":500,\"caption\":\"Asso La Ribambelle\"},\"image\":{\"@id\":\"https:\\\/\\\/assolaribambelle.fr\\\/blog\\\/#\\\/schema\\\/logo\\\/image\\\/\"}},{\"@type\":\"Person\",\"@id\":\"https:\\\/\\\/assolaribambelle.fr\\\/blog\\\/#\\\/schema\\\/person\\\/3c864cdc320801e3db34b663e7e3f816\",\"name\":\"Elodie Mazeau\",\"image\":{\"@type\":\"ImageObject\",\"inLanguage\":\"fr-FR\",\"@id\":\"https:\\\/\\\/assolaribambelle.fr\\\/blog\\\/wp-content\\\/uploads\\\/2026\\\/06\\\/persona_elodie-m-96x96.jpg\",\"url\":\"https:\\\/\\\/assolaribambelle.fr\\\/blog\\\/wp-content\\\/uploads\\\/2026\\\/06\\\/persona_elodie-m-96x96.jpg\",\"contentUrl\":\"https:\\\/\\\/assolaribambelle.fr\\\/blog\\\/wp-content\\\/uploads\\\/2026\\\/06\\\/persona_elodie-m-96x96.jpg\",\"caption\":\"Elodie Mazeau\"},\"description\":\"J'\u00e9cris sur la parentalit\u00e9 telle qu'elle se vit vraiment, du premier biberon aux premi\u00e8res col\u00e8res. Mes sujets de pr\u00e9dilection couvrent le quotidien des familles : sommeil, alimentation, organisation, pu\u00e9riculture et ces petites gal\u00e8res que tout parent conna\u00eet. Depuis plusieurs ann\u00e9es, je m'attache \u00e0 proposer des rep\u00e8res concrets plut\u00f4t que des le\u00e7ons, parce que chaque famille trouve son propre \u00e9quilibre. Je v\u00e9rifie mes informations aupr\u00e8s de sources fiables, surtout d\u00e8s qu'on touche \u00e0 la sant\u00e9 ou \u00e0 la s\u00e9curit\u00e9 de l'enfant, et je pr\u00e9cise quand un avis professionnel s'impose. J'\u00e9vite soigneusement la culpabilisation : \u00eatre parent est d\u00e9j\u00e0 assez exigeant. Mon ton se veut complice et bienveillant, un peu comme une discussion entre parents qui se comprennent. L'id\u00e9e est d'all\u00e9ger la charge mentale en donnant des solutions simples et test\u00e9es.\",\"sameAs\":[\"https:\\\/\\\/elodiemazeau.fr\\\/\"],\"url\":\"https:\\\/\\\/assolaribambelle.fr\\\/blog\\\/auteur\\\/noname\\\/\"}]}<\/script>\n<!-- \/ Yoast SEO Premium plugin. -->","yoast_head_json":{"title":"Rem\u00e8de Grand-M\u00e8re \u00c9ryth\u00e8me : Solutions B\u00e9b\u00e9","description":"L\u2019\u00e9ryth\u00e8me fessier, une irritation cutan\u00e9e fr\u00e9quente chez les b\u00e9b\u00e9s, peut \u00eatre source d\u2019inconfort pour l\u2019enfant et d\u2019inqui\u00e9tude pour les parents.","robots":{"index":"index","follow":"follow","max-snippet":"max-snippet:-1","max-image-preview":"max-image-preview:large","max-video-preview":"max-video-preview:-1"},"canonical":"https:\/\/assolaribambelle.fr\/blog\/articles\/remede-de-grand-mere-erytheme-fessier\/","og_locale":"fr_FR","og_type":"article","og_title":"Rem\u00e8de Grand-M\u00e8re \u00c9ryth\u00e8me : Solutions B\u00e9b\u00e9","og_description":"L\u2019\u00e9ryth\u00e8me fessier, une irritation cutan\u00e9e fr\u00e9quente chez les b\u00e9b\u00e9s, peut \u00eatre source d\u2019inconfort pour l\u2019enfant et d\u2019inqui\u00e9tude pour les parents.","og_url":"https:\/\/assolaribambelle.fr\/blog\/articles\/remede-de-grand-mere-erytheme-fessier\/","og_site_name":"Asso La Ribambelle","author":"Elodie Mazeau","twitter_card":"summary_large_image","schema":{"@context":"https:\/\/schema.org","@graph":[{"@type":"NewsArticle","@id":"https:\/\/assolaribambelle.fr\/blog\/articles\/remede-de-grand-mere-erytheme-fessier\/#article","isPartOf":{"@id":"https:\/\/assolaribambelle.fr\/blog\/articles\/remede-de-grand-mere-erytheme-fessier\/"},"author":{"name":"Elodie Mazeau","@id":"https:\/\/assolaribambelle.fr\/blog\/#\/schema\/person\/3c864cdc320801e3db34b663e7e3f816"},"headline":"Rem\u00e8de Grand-M\u00e8re \u00c9ryth\u00e8me : Solutions B\u00e9b\u00e9","datePublished":"2026-05-03T09:00:00+00:00","mainEntityOfPage":{"@id":"https:\/\/assolaribambelle.fr\/blog\/articles\/remede-de-grand-mere-erytheme-fessier\/"},"wordCount":787,"commentCount":0,"publisher":{"@id":"https:\/\/assolaribambelle.fr\/blog\/#organization"},"image":{"@id":"https:\/\/assolaribambelle.fr\/blog\/articles\/remede-de-grand-mere-erytheme-fessier\/#primaryimage"},"thumbnailUrl":"https:\/\/images.pexels.com\/photos\/30216561\/pexels-photo-30216561.jpeg?auto=compress&cs=tinysrgb&fit=crop&h=627&w=1200","articleSection":["Articles"],"inLanguage":"fr-FR","potentialAction":[{"@type":"CommentAction","name":"Comment","target":["https:\/\/assolaribambelle.fr\/blog\/articles\/remede-de-grand-mere-erytheme-fessier\/#respond"]}]},{"@type":"WebPage","@id":"https:\/\/assolaribambelle.fr\/blog\/articles\/remede-de-grand-mere-erytheme-fessier\/","url":"https:\/\/assolaribambelle.fr\/blog\/articles\/remede-de-grand-mere-erytheme-fessier\/","name":"Rem\u00e8de Grand-M\u00e8re \u00c9ryth\u00e8me : Solutions B\u00e9b\u00e9","isPartOf":{"@id":"https:\/\/assolaribambelle.fr\/blog\/#website"},"primaryImageOfPage":{"@id":"https:\/\/assolaribambelle.fr\/blog\/articles\/remede-de-grand-mere-erytheme-fessier\/#primaryimage"},"image":{"@id":"https:\/\/assolaribambelle.fr\/blog\/articles\/remede-de-grand-mere-erytheme-fessier\/#primaryimage"},"thumbnailUrl":"https:\/\/images.pexels.com\/photos\/30216561\/pexels-photo-30216561.jpeg?auto=compress&cs=tinysrgb&fit=crop&h=627&w=1200","datePublished":"2026-05-03T09:00:00+00:00","description":"L\u2019\u00e9ryth\u00e8me fessier, une irritation cutan\u00e9e fr\u00e9quente chez les b\u00e9b\u00e9s, peut \u00eatre source d\u2019inconfort pour l\u2019enfant et d\u2019inqui\u00e9tude pour les parents.","inLanguage":"fr-FR","potentialAction":[{"@type":"ReadAction","target":["https:\/\/assolaribambelle.fr\/blog\/articles\/remede-de-grand-mere-erytheme-fessier\/"]}]},{"@type":"ImageObject","inLanguage":"fr-FR","@id":"https:\/\/assolaribambelle.fr\/blog\/articles\/remede-de-grand-mere-erytheme-fessier\/#primaryimage","url":"https:\/\/images.pexels.com\/photos\/30216561\/pexels-photo-30216561.jpeg?auto=compress&cs=tinysrgb&fit=crop&h=627&w=1200","contentUrl":"https:\/\/images.pexels.com\/photos\/30216561\/pexels-photo-30216561.jpeg?auto=compress&cs=tinysrgb&fit=crop&h=627&w=1200"},{"@type":"WebSite","@id":"https:\/\/assolaribambelle.fr\/blog\/#website","url":"https:\/\/assolaribambelle.fr\/blog\/","name":"Asso La Ribambelle","description":"Activit\u00e9s cr\u00e9atives, jeux ludiques et conseils parents \u2014 par l asso La Ribambelle.","publisher":{"@id":"https:\/\/assolaribambelle.fr\/blog\/#organization"},"alternateName":"L\u2019innovation solaire \u00e0 votre port\u00e9e.","potentialAction":[{"@type":"SearchAction","target":{"@type":"EntryPoint","urlTemplate":"https:\/\/assolaribambelle.fr\/blog\/?s={search_term_string}"},"query-input":{"@type":"PropertyValueSpecification","valueRequired":true,"valueName":"search_term_string"}}],"inLanguage":"fr-FR"},{"@type":"Organization","@id":"https:\/\/assolaribambelle.fr\/blog\/#organization","name":"Asso La Ribambelle","alternateName":"La Ribambelle \u2014 Activit\u00e9s cr\u00e9atives enfants","url":"https:\/\/assolaribambelle.fr\/blog\/","logo":{"@type":"ImageObject","inLanguage":"fr-FR","@id":"https:\/\/assolaribambelle.fr\/blog\/#\/schema\/logo\/image\/","url":"https:\/\/assolaribambelle.fr\/blog\/wp-content\/uploads\/2024\/12\/4.png","contentUrl":"https:\/\/assolaribambelle.fr\/blog\/wp-content\/uploads\/2024\/12\/4.png","width":500,"height":500,"caption":"Asso La Ribambelle"},"image":{"@id":"https:\/\/assolaribambelle.fr\/blog\/#\/schema\/logo\/image\/"}},{"@type":"Person","@id":"https:\/\/assolaribambelle.fr\/blog\/#\/schema\/person\/3c864cdc320801e3db34b663e7e3f816","name":"Elodie Mazeau","image":{"@type":"ImageObject","inLanguage":"fr-FR","@id":"https:\/\/assolaribambelle.fr\/blog\/wp-content\/uploads\/2026\/06\/persona_elodie-m-96x96.jpg","url":"https:\/\/assolaribambelle.fr\/blog\/wp-content\/uploads\/2026\/06\/persona_elodie-m-96x96.jpg","contentUrl":"https:\/\/assolaribambelle.fr\/blog\/wp-content\/uploads\/2026\/06\/persona_elodie-m-96x96.jpg","caption":"Elodie Mazeau"},"description":"J'\u00e9cris sur la parentalit\u00e9 telle qu'elle se vit vraiment, du premier biberon aux premi\u00e8res col\u00e8res. Mes sujets de pr\u00e9dilection couvrent le quotidien des familles : sommeil, alimentation, organisation, pu\u00e9riculture et ces petites gal\u00e8res que tout parent conna\u00eet. Depuis plusieurs ann\u00e9es, je m'attache \u00e0 proposer des rep\u00e8res concrets plut\u00f4t que des le\u00e7ons, parce que chaque famille trouve son propre \u00e9quilibre. Je v\u00e9rifie mes informations aupr\u00e8s de sources fiables, surtout d\u00e8s qu'on touche \u00e0 la sant\u00e9 ou \u00e0 la s\u00e9curit\u00e9 de l'enfant, et je pr\u00e9cise quand un avis professionnel s'impose. J'\u00e9vite soigneusement la culpabilisation : \u00eatre parent est d\u00e9j\u00e0 assez exigeant. Mon ton se veut complice et bienveillant, un peu comme une discussion entre parents qui se comprennent. L'id\u00e9e est d'all\u00e9ger la charge mentale en donnant des solutions simples et test\u00e9es.","sameAs":["https:\/\/elodiemazeau.fr\/"],"url":"https:\/\/assolaribambelle.fr\/blog\/auteur\/noname\/"}]}},"_links":{"self":[{"href":"https:\/\/assolaribambelle.fr\/blog\/wp-json\/wp\/v2\/posts\/7945","targetHints":{"allow":["GET"]}}],"collection":[{"href":"https:\/\/assolaribambelle.fr\/blog\/wp-json\/wp\/v2\/posts"}],"about":[{"href":"https:\/\/assolaribambelle.fr\/blog\/wp-json\/wp\/v2\/types\/post"}],"author":[{"embeddable":true,"href":"https:\/\/assolaribambelle.fr\/blog\/wp-json\/wp\/v2\/users\/34"}],"replies":[{"embeddable":true,"href":"https:\/\/assolaribambelle.fr\/blog\/wp-json\/wp\/v2\/comments?post=7945"}],"version-history":[{"count":1,"href":"https:\/\/assolaribambelle.fr\/blog\/wp-json\/wp\/v2\/posts\/7945\/revisions"}],"predecessor-version":[{"id":8003,"href":"https:\/\/assolaribambelle.fr\/blog\/wp-json\/wp\/v2\/posts\/7945\/revisions\/8003"}],"wp:attachment":[{"href":"https:\/\/assolaribambelle.fr\/blog\/wp-json\/wp\/v2\/media?parent=7945"}],"wp:term":[{"taxonomy":"category","embeddable":true,"href":"https:\/\/assolaribambelle.fr\/blog\/wp-json\/wp\/v2\/categories?post=7945"},{"taxonomy":"post_tag","embeddable":true,"href":"https:\/\/assolaribambelle.fr\/blog\/wp-json\/wp\/v2\/tags?post=7945"}],"curies":[{"name":"wp","href":"https:\/\/api.w.org\/{rel}","templated":true}]}}