{"id":7955,"date":"2026-05-15T09:00:00","date_gmt":"2026-05-15T09:00:00","guid":{"rendered":"https:\/\/assolaribambelle.fr\/blog\/?p=7955"},"modified":"2026-05-15T09:00:00","modified_gmt":"2026-05-15T09:00:00","slug":"crevette-enfant-2-ans","status":"publish","type":"post","link":"https:\/\/assolaribambelle.fr\/blog\/articles\/crevette-enfant-2-ans\/","title":{"rendered":"Crevette Enfant 2 Ans : Guide S\u00e9curit\u00e9 Alimentaire"},"content":{"rendered":"<p>La consommation de crevettes chez les enfants de deux ans soul\u00e8ve des questions de s\u00e9curit\u00e9 alimentaire importantes. \u00c0 cet \u00e2ge, le syst\u00e8me immunitaire des enfants est encore en d\u00e9veloppement, ce qui les rend plus vuln\u00e9rables aux allergies et aux intoxications alimentaires. Il est donc essentiel de respecter des normes strictes lors de l\u2019introduction de ce type de fruit de mer dans leur alimentation.<\/p>\n<p>Cet article vous fournira des informations sur les recommandations actuelles concernant la consommation de crevettes pour les jeunes enfants, ainsi que des conseils pratiques pour garantir leur s\u00e9curit\u00e9.<\/p>\n<h2>Les risques associ\u00e9s \u00e0 la consommation de crevettes<\/h2>\n<h3>Allergies alimentaires<\/h3>\n<p>L\u2019allergie aux crustac\u00e9s est l\u2019une des allergies alimentaires les plus courantes. Environ <strong>2 %<\/strong> des enfants d\u00e9veloppent une allergie aux crustac\u00e9s, dont les crevettes font partie. Les sympt\u00f4mes peuvent varier d\u2019une \u00e9ruption cutan\u00e9e \u00e0 des r\u00e9actions anaphylactiques s\u00e9v\u00e8res. Il est recommand\u00e9 d\u2019introduire les crevettes apr\u00e8s avoir observ\u00e9 si l\u2019enfant a d\u00e9j\u00e0 eu des r\u00e9actions allergiques \u00e0 d\u2019autres aliments.<\/p>\n<h3>Contamination et intoxication alimentaire<\/h3>\n<p>Les crevettes peuvent \u00eatre porteuses de bact\u00e9ries comme <strong>Vibrio<\/strong>, qui peuvent causer des infections gastro-intestinales. Un rapport de l\u2019EFSA en 2023 a montr\u00e9 que <strong>25 %<\/strong> des \u00e9chantillons de crevettes \u00e9taient contamin\u00e9s par des bact\u00e9ries pathog\u00e8nes. Pour r\u00e9duire ce risque, il est crucial d\u2019acheter des crevettes provenant de sources fiables et bien contr\u00f4l\u00e9es.<\/p>\n<h2>Normes et recommandations pour la consommation<\/h2>\n<h3>\u00c2ge recommand\u00e9 pour introduire les crevettes<\/h3>\n<p>Les experts recommandent d\u2019introduire les crevettes vers l\u2019\u00e2ge de <strong>3 ans<\/strong>, mais certaines \u00e9tudes sugg\u00e8rent qu\u2019elles peuvent \u00eatre introduites plus t\u00f4t si l\u2019enfant n\u2019a pas d\u2019ant\u00e9c\u00e9dents d\u2019allergies alimentaires. Voici quelques recommandations :<\/p>\n<ul>\n<li>Introduisez un petit morceau cuit \u00e0 la vapeur ou bouilli.<\/li>\n<li>Attendez 3 \u00e0 5 jours avant d\u2019introduire un nouvel aliment afin d\u2019observer une \u00e9ventuelle r\u00e9action allergique.<\/li>\n<li>\u00c9vitez les crevettes crues ou insuffisamment cuites.<\/li>\n<\/ul>\n<h3>Comment pr\u00e9parer les crevettes en toute s\u00e9curit\u00e9<\/h3>\n<table class=\"kwdbank-table\">\n<thead>\n<tr>\n<th>M\u00e9thode<\/th>\n<th>Description<\/th>\n<\/tr>\n<\/thead>\n<tbody>\n<tr>\n<td>Bouillir<\/td>\n<td>Cuire dans une casserole d\u2019eau bouillante pendant 2-3 minutes jusqu\u2019\u00e0 ce qu\u2019elles soient roses.<\/td>\n<\/tr>\n<tr>\n<td>Cuisson \u00e0 la vapeur<\/td>\n<td>Placer dans un cuiseur vapeur pendant environ 5 minutes.<\/td>\n<\/tr>\n<tr>\n<td>Sauter<\/td>\n<td>Faire revenir dans une po\u00eale avec un peu d\u2019huile jusqu\u2019\u00e0 ce qu\u2019elles soient cuites uniform\u00e9ment.<\/td>\n<\/tr>\n<\/tbody>\n<\/table>\n<p>Les m\u00e9thodes ci-dessus garantissent que les crevettes sont bien cuites et r\u00e9duisent le risque de contamination.<\/p>\n<h2>Pi\u00e8ges \u00e0 \u00e9viter lors de l\u2019introduction<\/h2>\n<p>Un pi\u00e8ge courant consiste \u00e0 donner aux jeunes enfants des crevettes crues ou mal cuites, souvent pr\u00e9sentes dans certains plats asiatiques comme le sushi ou le sashimi. Les crevettes doivent toujours \u00eatre bien cuites pour \u00e9liminer tout risque bact\u00e9riologique.<\/p>\n<h2>Conseils pratiques pour parents<\/h2>\n<ol>\n<li><strong>Achat<\/strong> : Choisissez des crevettes fra\u00eeches ou congel\u00e9es provenant de fournisseurs r\u00e9put\u00e9s.<\/li>\n<li><strong>Conservation<\/strong> : Conservez-les au r\u00e9frig\u00e9rateur et consommez-les dans les deux jours suivant l\u2019achat.<\/li>\n<li><strong>Observation<\/strong> : Surveillez votre enfant apr\u00e8s avoir introduit les crevettes pour d\u00e9tecter toute r\u00e9action allergique.<\/li>\n<li><strong>Consultation<\/strong> : N\u2019h\u00e9sitez pas \u00e0 consulter un p\u00e9diatre si vous avez des inqui\u00e9tudes concernant l\u2019alimentation de votre enfant.<\/li>\n<\/ol>\n<h2>FAQ<\/h2>\n<h3>\u00c0 quel \u00e2ge puis-je donner des crevettes \u00e0 mon enfant ?<\/h3>\n<p>Il est g\u00e9n\u00e9ralement recommand\u00e9 d\u2019attendre l\u2019\u00e2ge de 3 ans, mais vous pouvez introduire les crevettes plus t\u00f4t avec prudence si votre enfant n\u2019a pas d\u2019allergies connues.<\/p>\n<h3>Comment savoir si mon enfant est allergique aux crevettes ?<\/h3>\n<p>Observez toute r\u00e9action apr\u00e8s avoir donn\u00e9 des crevettes, comme une \u00e9ruption cutan\u00e9e ou des difficult\u00e9s respiratoires, et consultez un m\u00e9decin si n\u00e9cessaire.<\/p>\n<h3>Quelles sont les meilleures fa\u00e7ons de cuisiner les crevettes pour un enfant ?<\/h3>\n<p>Les meilleures m\u00e9thodes incluent la cuisson \u00e0 la vapeur, le bouillage ou le sautage, en veillant \u00e0 ce qu\u2019elles soient bien cuites.<\/p>\n<h3>Les crevettes congel\u00e9es sont-elles s\u00fbres pour mon enfant ?<\/h3>\n<p>Oui, tant qu\u2019elles sont correctement d\u00e9congel\u00e9es et bien cuites avant consommation.<\/p>\n<h3>Que faire en cas de r\u00e9action allergique ?<\/h3>\n<p>En cas de r\u00e9action s\u00e9v\u00e8re, contactez imm\u00e9diatement un m\u00e9decin ou rendez-vous aux urgences.<\/p>\n<h3>Est-ce que toutes les types de crevettes sont s\u00e9curitaires ?<\/h3>\n<p>Il est pr\u00e9f\u00e9rable d\u2019opter pour des produits provenant de sources fiables et conformes aux normes sanitaires en vigueur dans votre pays.<\/p>\n<p>Assurez-vous que chaque repas soit une occasion s\u00fbre et agr\u00e9able pour votre enfant en respectant ces recommandations sur la consommation de crevettes !<\/p>\n","protected":false},"excerpt":{"rendered":"","protected":false},"author":34,"featured_media":999999999,"comment_status":"open","ping_status":"open","sticky":false,"template":"","format":"standard","meta":{"_acf_changed":false,"manual_indexmenow":false,"indexmenow_id_project":0,"footnotes":""},"categories":[5038],"tags":[],"class_list":["post-7955","post","type-post","status-publish","format-standard","has-post-thumbnail","hentry","category-articles","generate-columns","tablet-grid-50","mobile-grid-100","grid-parent","grid-25"],"acf":[],"yoast_head":"<!-- This site is optimized with the Yoast SEO Premium plugin v21.3 (Yoast SEO v27.3) - https:\/\/yoast.com\/product\/yoast-seo-premium-wordpress\/ -->\n<title>Crevette Enfant 2 Ans : Guide S\u00e9curit\u00e9 Alimentaire<\/title>\n<meta name=\"description\" content=\"La consommation de crevettes chez les enfants de deux ans soul\u00e8ve des questions de s\u00e9curit\u00e9 alimentaire importantes.\" \/>\n<meta name=\"robots\" content=\"index, follow, max-snippet:-1, max-image-preview:large, max-video-preview:-1\" \/>\n<link rel=\"canonical\" href=\"https:\/\/assolaribambelle.fr\/blog\/articles\/crevette-enfant-2-ans\/\" \/>\n<meta property=\"og:locale\" content=\"fr_FR\" \/>\n<meta property=\"og:type\" content=\"article\" \/>\n<meta property=\"og:title\" content=\"Crevette Enfant 2 Ans : Guide S\u00e9curit\u00e9 Alimentaire\" \/>\n<meta property=\"og:description\" content=\"La consommation de crevettes chez les enfants de deux ans soul\u00e8ve des questions de s\u00e9curit\u00e9 alimentaire importantes.\" \/>\n<meta property=\"og:url\" content=\"https:\/\/assolaribambelle.fr\/blog\/articles\/crevette-enfant-2-ans\/\" \/>\n<meta property=\"og:site_name\" content=\"Asso La Ribambelle\" \/>\n<meta name=\"author\" content=\"Elodie Mazeau\" \/>\n<meta name=\"twitter:card\" content=\"summary_large_image\" \/>\n<script type=\"application\/ld+json\" class=\"yoast-schema-graph\">{\"@context\":\"https:\\\/\\\/schema.org\",\"@graph\":[{\"@type\":\"NewsArticle\",\"@id\":\"https:\\\/\\\/assolaribambelle.fr\\\/blog\\\/articles\\\/crevette-enfant-2-ans\\\/#article\",\"isPartOf\":{\"@id\":\"https:\\\/\\\/assolaribambelle.fr\\\/blog\\\/articles\\\/crevette-enfant-2-ans\\\/\"},\"author\":{\"name\":\"Elodie Mazeau\",\"@id\":\"https:\\\/\\\/assolaribambelle.fr\\\/blog\\\/#\\\/schema\\\/person\\\/3c864cdc320801e3db34b663e7e3f816\"},\"headline\":\"Crevette Enfant 2 Ans : Guide S\u00e9curit\u00e9 Alimentaire\",\"datePublished\":\"2026-05-15T09:00:00+00:00\",\"mainEntityOfPage\":{\"@id\":\"https:\\\/\\\/assolaribambelle.fr\\\/blog\\\/articles\\\/crevette-enfant-2-ans\\\/\"},\"wordCount\":752,\"commentCount\":0,\"publisher\":{\"@id\":\"https:\\\/\\\/assolaribambelle.fr\\\/blog\\\/#organization\"},\"image\":{\"@id\":\"https:\\\/\\\/assolaribambelle.fr\\\/blog\\\/articles\\\/crevette-enfant-2-ans\\\/#primaryimage\"},\"thumbnailUrl\":\"https:\\\/\\\/images.pexels.com\\\/photos\\\/8612905\\\/pexels-photo-8612905.jpeg?auto=compress&cs=tinysrgb&fit=crop&h=627&w=1200\",\"articleSection\":[\"Articles\"],\"inLanguage\":\"fr-FR\",\"potentialAction\":[{\"@type\":\"CommentAction\",\"name\":\"Comment\",\"target\":[\"https:\\\/\\\/assolaribambelle.fr\\\/blog\\\/articles\\\/crevette-enfant-2-ans\\\/#respond\"]}]},{\"@type\":\"WebPage\",\"@id\":\"https:\\\/\\\/assolaribambelle.fr\\\/blog\\\/articles\\\/crevette-enfant-2-ans\\\/\",\"url\":\"https:\\\/\\\/assolaribambelle.fr\\\/blog\\\/articles\\\/crevette-enfant-2-ans\\\/\",\"name\":\"Crevette Enfant 2 Ans : Guide S\u00e9curit\u00e9 Alimentaire\",\"isPartOf\":{\"@id\":\"https:\\\/\\\/assolaribambelle.fr\\\/blog\\\/#website\"},\"primaryImageOfPage\":{\"@id\":\"https:\\\/\\\/assolaribambelle.fr\\\/blog\\\/articles\\\/crevette-enfant-2-ans\\\/#primaryimage\"},\"image\":{\"@id\":\"https:\\\/\\\/assolaribambelle.fr\\\/blog\\\/articles\\\/crevette-enfant-2-ans\\\/#primaryimage\"},\"thumbnailUrl\":\"https:\\\/\\\/images.pexels.com\\\/photos\\\/8612905\\\/pexels-photo-8612905.jpeg?auto=compress&cs=tinysrgb&fit=crop&h=627&w=1200\",\"datePublished\":\"2026-05-15T09:00:00+00:00\",\"description\":\"La consommation de crevettes chez les enfants de deux ans soul\u00e8ve des questions de s\u00e9curit\u00e9 alimentaire importantes.\",\"inLanguage\":\"fr-FR\",\"potentialAction\":[{\"@type\":\"ReadAction\",\"target\":[\"https:\\\/\\\/assolaribambelle.fr\\\/blog\\\/articles\\\/crevette-enfant-2-ans\\\/\"]}]},{\"@type\":\"ImageObject\",\"inLanguage\":\"fr-FR\",\"@id\":\"https:\\\/\\\/assolaribambelle.fr\\\/blog\\\/articles\\\/crevette-enfant-2-ans\\\/#primaryimage\",\"url\":\"https:\\\/\\\/images.pexels.com\\\/photos\\\/8612905\\\/pexels-photo-8612905.jpeg?auto=compress&cs=tinysrgb&fit=crop&h=627&w=1200\",\"contentUrl\":\"https:\\\/\\\/images.pexels.com\\\/photos\\\/8612905\\\/pexels-photo-8612905.jpeg?auto=compress&cs=tinysrgb&fit=crop&h=627&w=1200\"},{\"@type\":\"WebSite\",\"@id\":\"https:\\\/\\\/assolaribambelle.fr\\\/blog\\\/#website\",\"url\":\"https:\\\/\\\/assolaribambelle.fr\\\/blog\\\/\",\"name\":\"Asso La Ribambelle\",\"description\":\"Activit\u00e9s cr\u00e9atives, jeux ludiques et conseils parents \u2014 par l asso La Ribambelle.\",\"publisher\":{\"@id\":\"https:\\\/\\\/assolaribambelle.fr\\\/blog\\\/#organization\"},\"alternateName\":\"L\u2019innovation solaire \u00e0 votre port\u00e9e.\",\"potentialAction\":[{\"@type\":\"SearchAction\",\"target\":{\"@type\":\"EntryPoint\",\"urlTemplate\":\"https:\\\/\\\/assolaribambelle.fr\\\/blog\\\/?s={search_term_string}\"},\"query-input\":{\"@type\":\"PropertyValueSpecification\",\"valueRequired\":true,\"valueName\":\"search_term_string\"}}],\"inLanguage\":\"fr-FR\"},{\"@type\":\"Organization\",\"@id\":\"https:\\\/\\\/assolaribambelle.fr\\\/blog\\\/#organization\",\"name\":\"Asso La Ribambelle\",\"alternateName\":\"La Ribambelle \u2014 Activit\u00e9s cr\u00e9atives enfants\",\"url\":\"https:\\\/\\\/assolaribambelle.fr\\\/blog\\\/\",\"logo\":{\"@type\":\"ImageObject\",\"inLanguage\":\"fr-FR\",\"@id\":\"https:\\\/\\\/assolaribambelle.fr\\\/blog\\\/#\\\/schema\\\/logo\\\/image\\\/\",\"url\":\"https:\\\/\\\/assolaribambelle.fr\\\/blog\\\/wp-content\\\/uploads\\\/2024\\\/12\\\/4.png\",\"contentUrl\":\"https:\\\/\\\/assolaribambelle.fr\\\/blog\\\/wp-content\\\/uploads\\\/2024\\\/12\\\/4.png\",\"width\":500,\"height\":500,\"caption\":\"Asso La Ribambelle\"},\"image\":{\"@id\":\"https:\\\/\\\/assolaribambelle.fr\\\/blog\\\/#\\\/schema\\\/logo\\\/image\\\/\"}},{\"@type\":\"Person\",\"@id\":\"https:\\\/\\\/assolaribambelle.fr\\\/blog\\\/#\\\/schema\\\/person\\\/3c864cdc320801e3db34b663e7e3f816\",\"name\":\"Elodie Mazeau\",\"image\":{\"@type\":\"ImageObject\",\"inLanguage\":\"fr-FR\",\"@id\":\"https:\\\/\\\/assolaribambelle.fr\\\/blog\\\/wp-content\\\/uploads\\\/2026\\\/06\\\/persona_elodie-m-96x96.jpg\",\"url\":\"https:\\\/\\\/assolaribambelle.fr\\\/blog\\\/wp-content\\\/uploads\\\/2026\\\/06\\\/persona_elodie-m-96x96.jpg\",\"contentUrl\":\"https:\\\/\\\/assolaribambelle.fr\\\/blog\\\/wp-content\\\/uploads\\\/2026\\\/06\\\/persona_elodie-m-96x96.jpg\",\"caption\":\"Elodie Mazeau\"},\"description\":\"J'\u00e9cris sur la parentalit\u00e9 telle qu'elle se vit vraiment, du premier biberon aux premi\u00e8res col\u00e8res. Mes sujets de pr\u00e9dilection couvrent le quotidien des familles : sommeil, alimentation, organisation, pu\u00e9riculture et ces petites gal\u00e8res que tout parent conna\u00eet. Depuis plusieurs ann\u00e9es, je m'attache \u00e0 proposer des rep\u00e8res concrets plut\u00f4t que des le\u00e7ons, parce que chaque famille trouve son propre \u00e9quilibre. Je v\u00e9rifie mes informations aupr\u00e8s de sources fiables, surtout d\u00e8s qu'on touche \u00e0 la sant\u00e9 ou \u00e0 la s\u00e9curit\u00e9 de l'enfant, et je pr\u00e9cise quand un avis professionnel s'impose. J'\u00e9vite soigneusement la culpabilisation : \u00eatre parent est d\u00e9j\u00e0 assez exigeant. Mon ton se veut complice et bienveillant, un peu comme une discussion entre parents qui se comprennent. L'id\u00e9e est d'all\u00e9ger la charge mentale en donnant des solutions simples et test\u00e9es.\",\"sameAs\":[\"https:\\\/\\\/elodiemazeau.fr\\\/\"],\"url\":\"https:\\\/\\\/assolaribambelle.fr\\\/blog\\\/auteur\\\/noname\\\/\"}]}<\/script>\n<!-- \/ Yoast SEO Premium plugin. -->","yoast_head_json":{"title":"Crevette Enfant 2 Ans : Guide S\u00e9curit\u00e9 Alimentaire","description":"La consommation de crevettes chez les enfants de deux ans soul\u00e8ve des questions de s\u00e9curit\u00e9 alimentaire importantes.","robots":{"index":"index","follow":"follow","max-snippet":"max-snippet:-1","max-image-preview":"max-image-preview:large","max-video-preview":"max-video-preview:-1"},"canonical":"https:\/\/assolaribambelle.fr\/blog\/articles\/crevette-enfant-2-ans\/","og_locale":"fr_FR","og_type":"article","og_title":"Crevette Enfant 2 Ans : Guide S\u00e9curit\u00e9 Alimentaire","og_description":"La consommation de crevettes chez les enfants de deux ans soul\u00e8ve des questions de s\u00e9curit\u00e9 alimentaire importantes.","og_url":"https:\/\/assolaribambelle.fr\/blog\/articles\/crevette-enfant-2-ans\/","og_site_name":"Asso La Ribambelle","author":"Elodie Mazeau","twitter_card":"summary_large_image","schema":{"@context":"https:\/\/schema.org","@graph":[{"@type":"NewsArticle","@id":"https:\/\/assolaribambelle.fr\/blog\/articles\/crevette-enfant-2-ans\/#article","isPartOf":{"@id":"https:\/\/assolaribambelle.fr\/blog\/articles\/crevette-enfant-2-ans\/"},"author":{"name":"Elodie Mazeau","@id":"https:\/\/assolaribambelle.fr\/blog\/#\/schema\/person\/3c864cdc320801e3db34b663e7e3f816"},"headline":"Crevette Enfant 2 Ans : Guide S\u00e9curit\u00e9 Alimentaire","datePublished":"2026-05-15T09:00:00+00:00","mainEntityOfPage":{"@id":"https:\/\/assolaribambelle.fr\/blog\/articles\/crevette-enfant-2-ans\/"},"wordCount":752,"commentCount":0,"publisher":{"@id":"https:\/\/assolaribambelle.fr\/blog\/#organization"},"image":{"@id":"https:\/\/assolaribambelle.fr\/blog\/articles\/crevette-enfant-2-ans\/#primaryimage"},"thumbnailUrl":"https:\/\/images.pexels.com\/photos\/8612905\/pexels-photo-8612905.jpeg?auto=compress&cs=tinysrgb&fit=crop&h=627&w=1200","articleSection":["Articles"],"inLanguage":"fr-FR","potentialAction":[{"@type":"CommentAction","name":"Comment","target":["https:\/\/assolaribambelle.fr\/blog\/articles\/crevette-enfant-2-ans\/#respond"]}]},{"@type":"WebPage","@id":"https:\/\/assolaribambelle.fr\/blog\/articles\/crevette-enfant-2-ans\/","url":"https:\/\/assolaribambelle.fr\/blog\/articles\/crevette-enfant-2-ans\/","name":"Crevette Enfant 2 Ans : Guide S\u00e9curit\u00e9 Alimentaire","isPartOf":{"@id":"https:\/\/assolaribambelle.fr\/blog\/#website"},"primaryImageOfPage":{"@id":"https:\/\/assolaribambelle.fr\/blog\/articles\/crevette-enfant-2-ans\/#primaryimage"},"image":{"@id":"https:\/\/assolaribambelle.fr\/blog\/articles\/crevette-enfant-2-ans\/#primaryimage"},"thumbnailUrl":"https:\/\/images.pexels.com\/photos\/8612905\/pexels-photo-8612905.jpeg?auto=compress&cs=tinysrgb&fit=crop&h=627&w=1200","datePublished":"2026-05-15T09:00:00+00:00","description":"La consommation de crevettes chez les enfants de deux ans soul\u00e8ve des questions de s\u00e9curit\u00e9 alimentaire importantes.","inLanguage":"fr-FR","potentialAction":[{"@type":"ReadAction","target":["https:\/\/assolaribambelle.fr\/blog\/articles\/crevette-enfant-2-ans\/"]}]},{"@type":"ImageObject","inLanguage":"fr-FR","@id":"https:\/\/assolaribambelle.fr\/blog\/articles\/crevette-enfant-2-ans\/#primaryimage","url":"https:\/\/images.pexels.com\/photos\/8612905\/pexels-photo-8612905.jpeg?auto=compress&cs=tinysrgb&fit=crop&h=627&w=1200","contentUrl":"https:\/\/images.pexels.com\/photos\/8612905\/pexels-photo-8612905.jpeg?auto=compress&cs=tinysrgb&fit=crop&h=627&w=1200"},{"@type":"WebSite","@id":"https:\/\/assolaribambelle.fr\/blog\/#website","url":"https:\/\/assolaribambelle.fr\/blog\/","name":"Asso La Ribambelle","description":"Activit\u00e9s cr\u00e9atives, jeux ludiques et conseils parents \u2014 par l asso La Ribambelle.","publisher":{"@id":"https:\/\/assolaribambelle.fr\/blog\/#organization"},"alternateName":"L\u2019innovation solaire \u00e0 votre port\u00e9e.","potentialAction":[{"@type":"SearchAction","target":{"@type":"EntryPoint","urlTemplate":"https:\/\/assolaribambelle.fr\/blog\/?s={search_term_string}"},"query-input":{"@type":"PropertyValueSpecification","valueRequired":true,"valueName":"search_term_string"}}],"inLanguage":"fr-FR"},{"@type":"Organization","@id":"https:\/\/assolaribambelle.fr\/blog\/#organization","name":"Asso La Ribambelle","alternateName":"La Ribambelle \u2014 Activit\u00e9s cr\u00e9atives enfants","url":"https:\/\/assolaribambelle.fr\/blog\/","logo":{"@type":"ImageObject","inLanguage":"fr-FR","@id":"https:\/\/assolaribambelle.fr\/blog\/#\/schema\/logo\/image\/","url":"https:\/\/assolaribambelle.fr\/blog\/wp-content\/uploads\/2024\/12\/4.png","contentUrl":"https:\/\/assolaribambelle.fr\/blog\/wp-content\/uploads\/2024\/12\/4.png","width":500,"height":500,"caption":"Asso La Ribambelle"},"image":{"@id":"https:\/\/assolaribambelle.fr\/blog\/#\/schema\/logo\/image\/"}},{"@type":"Person","@id":"https:\/\/assolaribambelle.fr\/blog\/#\/schema\/person\/3c864cdc320801e3db34b663e7e3f816","name":"Elodie Mazeau","image":{"@type":"ImageObject","inLanguage":"fr-FR","@id":"https:\/\/assolaribambelle.fr\/blog\/wp-content\/uploads\/2026\/06\/persona_elodie-m-96x96.jpg","url":"https:\/\/assolaribambelle.fr\/blog\/wp-content\/uploads\/2026\/06\/persona_elodie-m-96x96.jpg","contentUrl":"https:\/\/assolaribambelle.fr\/blog\/wp-content\/uploads\/2026\/06\/persona_elodie-m-96x96.jpg","caption":"Elodie Mazeau"},"description":"J'\u00e9cris sur la parentalit\u00e9 telle qu'elle se vit vraiment, du premier biberon aux premi\u00e8res col\u00e8res. Mes sujets de pr\u00e9dilection couvrent le quotidien des familles : sommeil, alimentation, organisation, pu\u00e9riculture et ces petites gal\u00e8res que tout parent conna\u00eet. Depuis plusieurs ann\u00e9es, je m'attache \u00e0 proposer des rep\u00e8res concrets plut\u00f4t que des le\u00e7ons, parce que chaque famille trouve son propre \u00e9quilibre. Je v\u00e9rifie mes informations aupr\u00e8s de sources fiables, surtout d\u00e8s qu'on touche \u00e0 la sant\u00e9 ou \u00e0 la s\u00e9curit\u00e9 de l'enfant, et je pr\u00e9cise quand un avis professionnel s'impose. J'\u00e9vite soigneusement la culpabilisation : \u00eatre parent est d\u00e9j\u00e0 assez exigeant. Mon ton se veut complice et bienveillant, un peu comme une discussion entre parents qui se comprennent. L'id\u00e9e est d'all\u00e9ger la charge mentale en donnant des solutions simples et test\u00e9es.","sameAs":["https:\/\/elodiemazeau.fr\/"],"url":"https:\/\/assolaribambelle.fr\/blog\/auteur\/noname\/"}]}},"_links":{"self":[{"href":"https:\/\/assolaribambelle.fr\/blog\/wp-json\/wp\/v2\/posts\/7955","targetHints":{"allow":["GET"]}}],"collection":[{"href":"https:\/\/assolaribambelle.fr\/blog\/wp-json\/wp\/v2\/posts"}],"about":[{"href":"https:\/\/assolaribambelle.fr\/blog\/wp-json\/wp\/v2\/types\/post"}],"author":[{"embeddable":true,"href":"https:\/\/assolaribambelle.fr\/blog\/wp-json\/wp\/v2\/users\/34"}],"replies":[{"embeddable":true,"href":"https:\/\/assolaribambelle.fr\/blog\/wp-json\/wp\/v2\/comments?post=7955"}],"version-history":[{"count":1,"href":"https:\/\/assolaribambelle.fr\/blog\/wp-json\/wp\/v2\/posts\/7955\/revisions"}],"predecessor-version":[{"id":8013,"href":"https:\/\/assolaribambelle.fr\/blog\/wp-json\/wp\/v2\/posts\/7955\/revisions\/8013"}],"wp:attachment":[{"href":"https:\/\/assolaribambelle.fr\/blog\/wp-json\/wp\/v2\/media?parent=7955"}],"wp:term":[{"taxonomy":"category","embeddable":true,"href":"https:\/\/assolaribambelle.fr\/blog\/wp-json\/wp\/v2\/categories?post=7955"},{"taxonomy":"post_tag","embeddable":true,"href":"https:\/\/assolaribambelle.fr\/blog\/wp-json\/wp\/v2\/tags?post=7955"}],"curies":[{"name":"wp","href":"https:\/\/api.w.org\/{rel}","templated":true}]}}